{"id":21642,"date":"2023-08-01T12:00:47","date_gmt":"2023-08-01T15:00:47","guid":{"rendered":"https:\/\/guiadenoticias.com.ar\/diario\/?p=21642"},"modified":"2023-08-11T02:53:33","modified_gmt":"2023-08-11T05:53:33","slug":"la-comuna-ya-instalo-350-paneles-solares-en-delegaciones-municipales","status":"publish","type":"post","link":"https:\/\/guiadenoticias.com.ar\/diario\/la-comuna-ya-instalo-350-paneles-solares-en-delegaciones-municipales\/","title":{"rendered":"La Comuna ya instal\u00f3 350 paneles solares en delegaciones municipales"},"content":{"rendered":"<p>La intendenta Soledad Mart\u00ednez recorri\u00f3 el Geri\u00e1trico Municipal Rodr\u00edguez Ortega, donde la Comuna instal\u00f3 144 paneles solares. Con esta \u00faltima colocaci\u00f3n, el municipio ya instal\u00f3 350 dispositivos en distintas delegaciones municipales.<\/p>\n<p>Esta ejecuci\u00f3n est\u00e1 enmarcada dentro del Plan de Eficiencia Energ\u00e9tica. La iniciativa tiene como objetivo reducir un 40% el consumo el\u00e9ctrico en edificios p\u00fablicos y generar m\u00e1s energ\u00eda limpia, as\u00ed como garantizar a los vecinos el acceso a una energ\u00eda sostenible y moderna.<\/p>\n<p>Sumado a los paneles solares, desde que comenz\u00f3 el programa se logr\u00f3 que el alumbrado p\u00fablico sea 100% LED. Adem\u00e1s, hubo cambio de la iluminaci\u00f3n de las cinco delegaciones y el plan continuar\u00e1 en los jardines, las UAPS, los destacamentos policiales y el palacio municipal.<\/p>\n<p>Mediante el plan, la comuna ya instal\u00f3 350 paneles solares, distribuidos entre el CUVL, el Campo N\u00b01, la UAP El Ceibo y el Geri\u00e1trico Municipal, y planea instalar un total de 390.<\/p>\n","protected":false},"excerpt":{"rendered":"<p>La intendenta Soledad Mart\u00ednez recorri\u00f3 el Geri\u00e1trico Municipal Rodr\u00edguez Ortega, donde la Comuna instal\u00f3 144 paneles solares. Con esta \u00faltima colocaci\u00f3n, el municipio ya instal\u00f3 350 dispositivos en distintas delegaciones municipales. Esta ejecuci\u00f3n est\u00e1 enmarcada dentro del Plan de Eficiencia Energ\u00e9tica. La iniciativa tiene como objetivo reducir un 40% el consumo el\u00e9ctrico en edificios p\u00fablicos [&hellip;]<\/p>\n","protected":false},"author":1,"featured_media":21643,"comment_status":"closed","ping_status":"closed","sticky":false,"template":"","format":"standard","meta":{"footnotes":""},"categories":[203,20,25],"tags":[176],"class_list":{"0":"post-21642","1":"post","2":"type-post","3":"status-publish","4":"format-standard","5":"has-post-thumbnail","7":"category-ambiente","8":"category-municipios","9":"category-vicente-lopez","10":"tag-soledad-martinez"},"aioseo_notices":[],"_links":{"self":[{"href":"https:\/\/guiadenoticias.com.ar\/diario\/wp-json\/wp\/v2\/posts\/21642","targetHints":{"allow":["GET"]}}],"collection":[{"href":"https:\/\/guiadenoticias.com.ar\/diario\/wp-json\/wp\/v2\/posts"}],"about":[{"href":"https:\/\/guiadenoticias.com.ar\/diario\/wp-json\/wp\/v2\/types\/post"}],"author":[{"embeddable":true,"href":"https:\/\/guiadenoticias.com.ar\/diario\/wp-json\/wp\/v2\/users\/1"}],"replies":[{"embeddable":true,"href":"https:\/\/guiadenoticias.com.ar\/diario\/wp-json\/wp\/v2\/comments?post=21642"}],"version-history":[{"count":1,"href":"https:\/\/guiadenoticias.com.ar\/diario\/wp-json\/wp\/v2\/posts\/21642\/revisions"}],"predecessor-version":[{"id":21644,"href":"https:\/\/guiadenoticias.com.ar\/diario\/wp-json\/wp\/v2\/posts\/21642\/revisions\/21644"}],"wp:featuredmedia":[{"embeddable":true,"href":"https:\/\/guiadenoticias.com.ar\/diario\/wp-json\/wp\/v2\/media\/21643"}],"wp:attachment":[{"href":"https:\/\/guiadenoticias.com.ar\/diario\/wp-json\/wp\/v2\/media?parent=21642"}],"wp:term":[{"taxonomy":"category","embeddable":true,"href":"https:\/\/guiadenoticias.com.ar\/diario\/wp-json\/wp\/v2\/categories?post=21642"},{"taxonomy":"post_tag","embeddable":true,"href":"https:\/\/guiadenoticias.com.ar\/diario\/wp-json\/wp\/v2\/tags?post=21642"}],"curies":[{"name":"wp","href":"https:\/\/api.w.org\/{rel}","templated":true}]}}