{"id":21665,"date":"2023-08-14T11:00:19","date_gmt":"2023-08-14T14:00:19","guid":{"rendered":"https:\/\/guiadenoticias.com.ar\/diario\/?p=21665"},"modified":"2023-08-20T21:50:10","modified_gmt":"2023-08-21T00:50:10","slug":"valenzuela-se-anoto-otro-triunfo","status":"publish","type":"post","link":"https:\/\/guiadenoticias.com.ar\/diario\/valenzuela-se-anoto-otro-triunfo\/","title":{"rendered":"Valenzuela se anot\u00f3 otro triunfo"},"content":{"rendered":"<p>El intendente de Tres de Febrero, Diego Valenzuela, gan\u00f3 las elecciones Primarias Abiertas, Simult\u00e1neas y Obligatorias (PASO). Enfrent\u00f3 asimismo una interna de Juntos por el Cambio contra el precandidato de Patricia Bullrich.<\/p>\n<p>En el recuento provisorio JxC sum\u00f3 44,5 por ciento; Uni\u00f3n por la Patria 30 por ciento &#8211; Juan Debandi se qued\u00f3 con una interna ajustada\u00a0 \u2013 y La Libertad Avanza alcanz\u00f3 el 18 por ciento. De conservar ese n\u00famero tendr\u00eda representaci\u00f3n en el Concejo Deliberante.<\/p>\n<p>Conocidos los resultados, el jefe comunal expres\u00f3, \u201cma\u00f1ana empezamos de nuevo con todo, apretando los dientes, porque la elecci\u00f3n es en octubre y nuestros vecinos nos necesitan con todas las ganas\u201d. Con esta victoria, Valenzuela buscar\u00e1 un tercer mandato.<\/p>\n","protected":false},"excerpt":{"rendered":"<p>El intendente de Tres de Febrero, Diego Valenzuela, gan\u00f3 las elecciones Primarias Abiertas, Simult\u00e1neas y Obligatorias (PASO). Enfrent\u00f3 asimismo una interna de Juntos por el Cambio contra el precandidato de Patricia Bullrich. En el recuento provisorio JxC sum\u00f3 44,5 por ciento; Uni\u00f3n por la Patria 30 por ciento &#8211; Juan Debandi se qued\u00f3 con una [&hellip;]<\/p>\n","protected":false},"author":1,"featured_media":21666,"comment_status":"closed","ping_status":"closed","sticky":false,"template":"","format":"standard","meta":{"footnotes":""},"categories":[70,20,48,26],"tags":[72,245,98],"class_list":{"0":"post-21665","1":"post","2":"type-post","3":"status-publish","4":"format-standard","5":"has-post-thumbnail","7":"category-las-mas-leidas","8":"category-municipios","9":"category-politica-argentina","10":"category-tres-de-febrero","11":"tag-diego-valenzuela","12":"tag-elecciones-2023","13":"tag-juntos-por-el-cambio"},"aioseo_notices":[],"_links":{"self":[{"href":"https:\/\/guiadenoticias.com.ar\/diario\/wp-json\/wp\/v2\/posts\/21665","targetHints":{"allow":["GET"]}}],"collection":[{"href":"https:\/\/guiadenoticias.com.ar\/diario\/wp-json\/wp\/v2\/posts"}],"about":[{"href":"https:\/\/guiadenoticias.com.ar\/diario\/wp-json\/wp\/v2\/types\/post"}],"author":[{"embeddable":true,"href":"https:\/\/guiadenoticias.com.ar\/diario\/wp-json\/wp\/v2\/users\/1"}],"replies":[{"embeddable":true,"href":"https:\/\/guiadenoticias.com.ar\/diario\/wp-json\/wp\/v2\/comments?post=21665"}],"version-history":[{"count":1,"href":"https:\/\/guiadenoticias.com.ar\/diario\/wp-json\/wp\/v2\/posts\/21665\/revisions"}],"predecessor-version":[{"id":21667,"href":"https:\/\/guiadenoticias.com.ar\/diario\/wp-json\/wp\/v2\/posts\/21665\/revisions\/21667"}],"wp:featuredmedia":[{"embeddable":true,"href":"https:\/\/guiadenoticias.com.ar\/diario\/wp-json\/wp\/v2\/media\/21666"}],"wp:attachment":[{"href":"https:\/\/guiadenoticias.com.ar\/diario\/wp-json\/wp\/v2\/media?parent=21665"}],"wp:term":[{"taxonomy":"category","embeddable":true,"href":"https:\/\/guiadenoticias.com.ar\/diario\/wp-json\/wp\/v2\/categories?post=21665"},{"taxonomy":"post_tag","embeddable":true,"href":"https:\/\/guiadenoticias.com.ar\/diario\/wp-json\/wp\/v2\/tags?post=21665"}],"curies":[{"name":"wp","href":"https:\/\/api.w.org\/{rel}","templated":true}]}}