{"id":21677,"date":"2023-08-15T12:00:55","date_gmt":"2023-08-15T15:00:55","guid":{"rendered":"https:\/\/guiadenoticias.com.ar\/diario\/?p=21677"},"modified":"2023-08-18T02:53:34","modified_gmt":"2023-08-18T05:53:34","slug":"ghi-buscara-su-reeleccion-en-octubre","status":"publish","type":"post","link":"https:\/\/guiadenoticias.com.ar\/diario\/ghi-buscara-su-reeleccion-en-octubre\/","title":{"rendered":"Ghi buscar\u00e1 su reelecci\u00f3n en octubre"},"content":{"rendered":"<p><strong>El intendente Lucas Ghi fue el precandidato m\u00e1s votado en las Primarias Abiertas Simult\u00e1neas y Obligatorias de Mor\u00f3n. El postulante de Uni\u00f3n por la Patria obtuvo m\u00e1s del 34 por ciento de los votos. Mientras que las dos boletas de Juntos por el Cambio sumaron 36 por ciento; se qued\u00f3 con una interna ajustada el concejal Leandro Ugartemend\u00eda.<\/strong><\/p>\n<p><strong>El precandidato de La Libertad Avanza Ariel Diwan reuni\u00f3 22 por ciento. Y el Frente de Izquierda estuvo por sobre la media, con m\u00e1s del 4 por ciento.<\/strong><\/p>\n<p>En ese marco, el jefe comunal dijo que \u201cel desaf\u00edo es seguir trabajando como hasta ahora, sin vacilar, sin especulaciones, sin c\u00e1lculos fantasiosos, haciendo lo que sabemos hacer, militar y seguir gobernando esta ciudad con los principios y valores que instal\u00f3 Mart\u00edn Sabbatella durante 10 a\u00f1os y que caracterizan a nuestro espacio. Debemos honrar esa historia\u201d.<\/p>\n<p>Con estos resultados, en las elecciones del pr\u00f3ximo 22 de octubre, la lista local de UP buscar\u00e1 la reelecci\u00f3n de Ghi, quien se presentar\u00e1 acompa\u00f1ado por el actual secretario de Obras y Servicios P\u00fablicos, Diego Spina, como primer candidato a concejal y viceintendente.<\/p>\n<p>En Mor\u00f3n vot\u00f3 el 68,4 por ciento de las y los empadronados, mientras que el 7 por ciento de quienes concurrieron a las urnas no apoyaron a ning\u00fan precandidato local.<\/p>\n","protected":false},"excerpt":{"rendered":"<p>El intendente Lucas Ghi fue el precandidato m\u00e1s votado en las Primarias Abiertas Simult\u00e1neas y Obligatorias de Mor\u00f3n. El postulante de Uni\u00f3n por la Patria obtuvo m\u00e1s del 34 por ciento de los votos. Mientras que las dos boletas de Juntos por el Cambio sumaron 36 por ciento; se qued\u00f3 con una interna ajustada el [&hellip;]<\/p>\n","protected":false},"author":1,"featured_media":21678,"comment_status":"closed","ping_status":"closed","sticky":false,"template":"","format":"standard","meta":{"footnotes":""},"categories":[28,20,48],"tags":[245,73,93,248],"class_list":{"0":"post-21677","1":"post","2":"type-post","3":"status-publish","4":"format-standard","5":"has-post-thumbnail","7":"category-moron","8":"category-municipios","9":"category-politica-argentina","10":"tag-elecciones-2023","11":"tag-lucas-ghi","12":"tag-martin-sabbatella","13":"tag-union-por-la-patria"},"aioseo_notices":[],"_links":{"self":[{"href":"https:\/\/guiadenoticias.com.ar\/diario\/wp-json\/wp\/v2\/posts\/21677","targetHints":{"allow":["GET"]}}],"collection":[{"href":"https:\/\/guiadenoticias.com.ar\/diario\/wp-json\/wp\/v2\/posts"}],"about":[{"href":"https:\/\/guiadenoticias.com.ar\/diario\/wp-json\/wp\/v2\/types\/post"}],"author":[{"embeddable":true,"href":"https:\/\/guiadenoticias.com.ar\/diario\/wp-json\/wp\/v2\/users\/1"}],"replies":[{"embeddable":true,"href":"https:\/\/guiadenoticias.com.ar\/diario\/wp-json\/wp\/v2\/comments?post=21677"}],"version-history":[{"count":1,"href":"https:\/\/guiadenoticias.com.ar\/diario\/wp-json\/wp\/v2\/posts\/21677\/revisions"}],"predecessor-version":[{"id":21679,"href":"https:\/\/guiadenoticias.com.ar\/diario\/wp-json\/wp\/v2\/posts\/21677\/revisions\/21679"}],"wp:featuredmedia":[{"embeddable":true,"href":"https:\/\/guiadenoticias.com.ar\/diario\/wp-json\/wp\/v2\/media\/21678"}],"wp:attachment":[{"href":"https:\/\/guiadenoticias.com.ar\/diario\/wp-json\/wp\/v2\/media?parent=21677"}],"wp:term":[{"taxonomy":"category","embeddable":true,"href":"https:\/\/guiadenoticias.com.ar\/diario\/wp-json\/wp\/v2\/categories?post=21677"},{"taxonomy":"post_tag","embeddable":true,"href":"https:\/\/guiadenoticias.com.ar\/diario\/wp-json\/wp\/v2\/tags?post=21677"}],"curies":[{"name":"wp","href":"https:\/\/api.w.org\/{rel}","templated":true}]}}