{"id":21684,"date":"2023-08-15T11:00:53","date_gmt":"2023-08-15T14:00:53","guid":{"rendered":"https:\/\/guiadenoticias.com.ar\/diario\/?p=21684"},"modified":"2023-08-29T03:22:54","modified_gmt":"2023-08-29T06:22:54","slug":"juan-andreotti-convalido-con-comodidad-su-candidatura","status":"publish","type":"post","link":"https:\/\/guiadenoticias.com.ar\/diario\/juan-andreotti-convalido-con-comodidad-su-candidatura\/","title":{"rendered":"Juan Andreotti convalid\u00f3 de forma holgada su candidatura"},"content":{"rendered":"<p><strong>El intendente y precandidato de Uni\u00f3n por la Patria, Juan Andreotti, en las PASO se impuso con 53 por ciento de los votos. La interna de Juntos por el Cambio sum\u00f3 25 por ciento &#8211; triunfo ajustado de Claudio Alfons\u00edn -; asimismo, La Libertad Avanza estuvo en 17 puntos.<\/strong><\/p>\n<p>En el final de la jornada, el jefe comunal indic\u00f3 que \u201csomos uno de los municipios donde la gesti\u00f3n ha sido m\u00e1s valorada y acompa\u00f1ada por los vecinos\u201d.<\/p>\n<p>En ese marco record\u00f3, \u201catravesamos una etapa muy dif\u00edcil para gobernar, con una pandemia que nos hizo cambiar nuestros h\u00e1bitos y costumbres, pero lo superamos\u201d, y continu\u00f3: \u201cCon ese empuje y esas ganas vamos a continuar a partir de ahora gracias a su acompa\u00f1amiento, lo que hace que redoblemos el esfuerzo\u201d.<\/p>\n<p>En tanto, los candidatos a presidente m\u00e1s votados en San Fernando fueron Sergio Massa con 34 por ciento, sigui\u00f3 Javier Milei con 24,5 y los representantes de Juntos por el Cambio sumaron 29 por ciento con Patricia Bullrich por encima de Rodr\u00edguez Larreta.<\/p>\n<p>El intendente concluy\u00f3, \u201cen la elecci\u00f3n que viene se definen dos modelos, el del individualismo, y de pisar a quien est\u00e9 debajo de nosotros; contra el sistema en el cual creemos, que es tenderle la mano a quienes lo necesiten\u201d.<\/p>\n","protected":false},"excerpt":{"rendered":"<p>El intendente y precandidato de Uni\u00f3n por la Patria, Juan Andreotti, en las PASO se impuso con 53 por ciento de los votos. La interna de Juntos por el Cambio sum\u00f3 25 por ciento &#8211; triunfo ajustado de Claudio Alfons\u00edn -; asimismo, La Libertad Avanza estuvo en 17 puntos. En el final de la jornada, [&hellip;]<\/p>\n","protected":false},"author":1,"featured_media":21689,"comment_status":"closed","ping_status":"closed","sticky":false,"template":"","format":"standard","meta":{"footnotes":""},"categories":[70,20,48,22],"tags":[245,76,248],"class_list":{"0":"post-21684","1":"post","2":"type-post","3":"status-publish","4":"format-standard","5":"has-post-thumbnail","7":"category-las-mas-leidas","8":"category-municipios","9":"category-politica-argentina","10":"category-san-fernando","11":"tag-elecciones-2023","12":"tag-juan-andreotti","13":"tag-union-por-la-patria"},"aioseo_notices":[],"_links":{"self":[{"href":"https:\/\/guiadenoticias.com.ar\/diario\/wp-json\/wp\/v2\/posts\/21684","targetHints":{"allow":["GET"]}}],"collection":[{"href":"https:\/\/guiadenoticias.com.ar\/diario\/wp-json\/wp\/v2\/posts"}],"about":[{"href":"https:\/\/guiadenoticias.com.ar\/diario\/wp-json\/wp\/v2\/types\/post"}],"author":[{"embeddable":true,"href":"https:\/\/guiadenoticias.com.ar\/diario\/wp-json\/wp\/v2\/users\/1"}],"replies":[{"embeddable":true,"href":"https:\/\/guiadenoticias.com.ar\/diario\/wp-json\/wp\/v2\/comments?post=21684"}],"version-history":[{"count":3,"href":"https:\/\/guiadenoticias.com.ar\/diario\/wp-json\/wp\/v2\/posts\/21684\/revisions"}],"predecessor-version":[{"id":21692,"href":"https:\/\/guiadenoticias.com.ar\/diario\/wp-json\/wp\/v2\/posts\/21684\/revisions\/21692"}],"wp:featuredmedia":[{"embeddable":true,"href":"https:\/\/guiadenoticias.com.ar\/diario\/wp-json\/wp\/v2\/media\/21689"}],"wp:attachment":[{"href":"https:\/\/guiadenoticias.com.ar\/diario\/wp-json\/wp\/v2\/media?parent=21684"}],"wp:term":[{"taxonomy":"category","embeddable":true,"href":"https:\/\/guiadenoticias.com.ar\/diario\/wp-json\/wp\/v2\/categories?post=21684"},{"taxonomy":"post_tag","embeddable":true,"href":"https:\/\/guiadenoticias.com.ar\/diario\/wp-json\/wp\/v2\/tags?post=21684"}],"curies":[{"name":"wp","href":"https:\/\/api.w.org\/{rel}","templated":true}]}}