{"id":2174,"date":"2016-05-13T20:26:43","date_gmt":"2016-05-13T23:26:43","guid":{"rendered":"http:\/\/guiadenoticias.com.ar\/diario\/?p=2174"},"modified":"2016-05-13T20:27:42","modified_gmt":"2016-05-13T23:27:42","slug":"ajustada-aprobacion-de-la-rendicion-de-cuentas-2015","status":"publish","type":"post","link":"https:\/\/guiadenoticias.com.ar\/diario\/ajustada-aprobacion-de-la-rendicion-de-cuentas-2015\/","title":{"rendered":"Ajustada aprobaci\u00f3n de la Rendici\u00f3n de Cuentas 2015"},"content":{"rendered":"<p>La segunda sesi\u00f3n ordinaria del Concejo Deliberante de San Fernando estuvo marcada por el tratamiento de la Rendici\u00f3n de Cuentas del ejercicio 2015 y por la adhesi\u00f3n a la Emergencia en Infraestructura sancionada en Provincia.<\/p>\n<p>Previo a adentrarse en el orden del d\u00eda, jur\u00f3 el concejal Jos\u00e9 Luis la Torre de Cambiemos, quien entra en lugar del actual secretario de Asuntos Municipales bonaerense, Alex Campbell, que tom\u00f3 licencia.<\/p>\n<p>Al momento de evaluar la gesti\u00f3n municipal del a\u00f1o pasado, tom\u00f3 la palabra el concejal oficialista Pablo Peredo para defender el despacho de mayor\u00eda, argumentando la aprobaci\u00f3n de dicha Rendici\u00f3n.<\/p>\n<p>Luego fue el turno del FpV. Marcela Ventura afirm\u00f3: \u201cEn esta oportunidad a diferencia del a\u00f1o pasado, recibimos en fecha todo el informe. Contamos con los documentos a partir del 1 de abril, como corresponde. De igual manera queremos solicitar que vuelva a comisi\u00f3n para tener m\u00e1s tiempo y hacer un an\u00e1lisis m\u00e1s profundo\u201d.<\/p>\n<p>El bloque de Cambiemos en la voz de Ignacio Semenzato apoy\u00f3 tambi\u00e9n la moci\u00f3n del bloque del FpV. Sin embargo, a pesar de estos planteos la Rendici\u00f3n de Cuentas se aprob\u00f3 por una ajustada mayor\u00eda de 10 votos a 8.<\/p>\n<p>Cabe destacar que el n\u00famero de la negativa hubiera sido 9, pero el concejal \u201cChapa\u201d Retegui abandon\u00f3 la sesi\u00f3n con aviso antes de su cierre por un viaje programado con la selecci\u00f3n nacional de jockey masculino, de la cual es entrenador.<\/p>\n<p><strong>LA EMERGENCIA PARA AGILIZAR OBRAS<\/strong><\/p>\n<p>En este nuevo encuentro todas las miradas estaban puestas en el tratamiento de la adhesi\u00f3n local a la Ley Provincial 14.812 de \u201cEmergencia en materia de infraestructura, h\u00e1bitat, vivienda y servicios p\u00fablicos\u201d, tema que hab\u00eda generado en la previa cruces entre el oficialismo y el FpV.<\/p>\n<p>La postura del FR acusa recibo de que durante la gesti\u00f3n de Scioli no hubo dinero para las obras de los municipios y que es positivo tener la capacidad de resolver cualquier tipo de intervenci\u00f3n en infraestructura con inmediatez, si as\u00ed la situaci\u00f3n lo requiere.<\/p>\n<p>Por otro lado, los ediles kirchneristas pusieron el grito en cielo a trav\u00e9s de un comunicado en sus redes sociales, donde especificaron que es muy dif\u00edcil tener el control de los gastos cuando se habilita al Ejecutivo municipal a emprender obras sin la necesidad de licitar.<\/p>\n<p>Finalmente, la adhesi\u00f3n se aprob\u00f3 por mayor\u00eda de 14 votos &#8211; entre los 10 del FR y 4 de Cambiemos &#8211; a 5 del Frente Para la Victoria.<\/p>\n<p>Previo al tratamiento en el recinto, el FpV especulaba con contar con el apoyo de Cambiemos, bajo el argumento de que con esta aprobaci\u00f3n el intendente Luis Andreotti podr\u00eda hacer maniobras econ\u00f3micas con respecto a futuras obras sin mucho control de la oposici\u00f3n. Pero, a pesar de esto, Cambiemos jug\u00f3 con el oficialismo esta vuelta.<\/p>\n","protected":false},"excerpt":{"rendered":"<p>La segunda sesi\u00f3n ordinaria del Concejo Deliberante de San Fernando estuvo marcada por el tratamiento de la Rendici\u00f3n de Cuentas del ejercicio 2015 y por la adhesi\u00f3n a la Emergencia en Infraestructura sancionada en Provincia. Previo a adentrarse en el orden del d\u00eda, jur\u00f3 el concejal Jos\u00e9 Luis la Torre de Cambiemos, quien entra en [&hellip;]<\/p>\n","protected":false},"author":1,"featured_media":2175,"comment_status":"closed","ping_status":"open","sticky":false,"template":"","format":"standard","meta":{"footnotes":""},"categories":[20,48,22],"tags":[],"class_list":{"0":"post-2174","1":"post","2":"type-post","3":"status-publish","4":"format-standard","5":"has-post-thumbnail","7":"category-municipios","8":"category-politica-argentina","9":"category-san-fernando"},"aioseo_notices":[],"_links":{"self":[{"href":"https:\/\/guiadenoticias.com.ar\/diario\/wp-json\/wp\/v2\/posts\/2174","targetHints":{"allow":["GET"]}}],"collection":[{"href":"https:\/\/guiadenoticias.com.ar\/diario\/wp-json\/wp\/v2\/posts"}],"about":[{"href":"https:\/\/guiadenoticias.com.ar\/diario\/wp-json\/wp\/v2\/types\/post"}],"author":[{"embeddable":true,"href":"https:\/\/guiadenoticias.com.ar\/diario\/wp-json\/wp\/v2\/users\/1"}],"replies":[{"embeddable":true,"href":"https:\/\/guiadenoticias.com.ar\/diario\/wp-json\/wp\/v2\/comments?post=2174"}],"version-history":[{"count":1,"href":"https:\/\/guiadenoticias.com.ar\/diario\/wp-json\/wp\/v2\/posts\/2174\/revisions"}],"predecessor-version":[{"id":2176,"href":"https:\/\/guiadenoticias.com.ar\/diario\/wp-json\/wp\/v2\/posts\/2174\/revisions\/2176"}],"wp:featuredmedia":[{"embeddable":true,"href":"https:\/\/guiadenoticias.com.ar\/diario\/wp-json\/wp\/v2\/media\/2175"}],"wp:attachment":[{"href":"https:\/\/guiadenoticias.com.ar\/diario\/wp-json\/wp\/v2\/media?parent=2174"}],"wp:term":[{"taxonomy":"category","embeddable":true,"href":"https:\/\/guiadenoticias.com.ar\/diario\/wp-json\/wp\/v2\/categories?post=2174"},{"taxonomy":"post_tag","embeddable":true,"href":"https:\/\/guiadenoticias.com.ar\/diario\/wp-json\/wp\/v2\/tags?post=2174"}],"curies":[{"name":"wp","href":"https:\/\/api.w.org\/{rel}","templated":true}]}}