{"id":21859,"date":"2023-09-26T14:00:43","date_gmt":"2023-09-26T17:00:43","guid":{"rendered":"https:\/\/guiadenoticias.com.ar\/diario\/?p=21859"},"modified":"2023-09-27T03:12:20","modified_gmt":"2023-09-27T06:12:20","slug":"topadora-milei-paso-por-san-martin","status":"publish","type":"post","link":"https:\/\/guiadenoticias.com.ar\/diario\/topadora-milei-paso-por-san-martin\/","title":{"rendered":"Topadora Milei pas\u00f3 por San Mart\u00edn"},"content":{"rendered":"<p>El candidato presidencial de La Libertad Avanza, Javier Milei, realiz\u00f3 una caravana en San Mart\u00edn que finaliz\u00f3 en las inmediaciones de la Municipalidad, en abierto desaf\u00edo al oficialismo local, encabezado por el intendente Fernando Moreira y el ministro Gabriel Katopodis.<\/p>\n<p>Como es habitual, la recorrida de Milei se extendi\u00f3 dos cuadras, dur\u00f3 menos de una hora y congreg\u00f3 a un centenar de personas. Y no faltaron la batucada &#8211; enseguida se piensa en Barrionuevo &#8211; y las banderas negras y amarillas.<\/p>\n<p>Acompa\u00f1aron de cerca su hermana Karina y la candidata a gobernadora, Carolina Piparo; asimismo el candidato a intendente Hern\u00e1n Sardella y los candidatos a concejales, encabezados por Marcelo Ballester, que cuenta con altas chances de ingresar al deliberativo.<\/p>\n<p>La gente que logr\u00f3 abordarlo se llev\u00f3 la firma del candidato en d\u00f3lares falsos (un cl\u00e1sico de las caravanas), tambi\u00e9n le acercaron una mochila de Rappi, el servicio de delivery que tiene mayor\u00eda de militancia libertaria.<\/p>\n<p>Despu\u00e9s de la caravana de San Mart\u00edn, Milei difundi\u00f3 declaraciones de campa\u00f1a, en las que empez\u00f3 a polarizar con su rival Sergio Massa. Adem\u00e1s, reiter\u00f3 los t\u00edtulos de su plan de gobierno: \u00abReforma del Estado. Reducci\u00f3n del gasto p\u00fablico en partidas donde roban los pol\u00edticos. Reducci\u00f3n de impuestos. Modernizaci\u00f3n laboral. Apertura comercial. Reforma monetaria que termine con el Banco Central para finalizar para siempre con la inflaci\u00f3n. Y una nueva doctrina de seguridad basada en &#8216;el que las hace las paga'\u00bb.<\/p>\n","protected":false},"excerpt":{"rendered":"<p>El candidato presidencial de La Libertad Avanza, Javier Milei, realiz\u00f3 una caravana en San Mart\u00edn que finaliz\u00f3 en las inmediaciones de la Municipalidad, en abierto desaf\u00edo al oficialismo local, encabezado por el intendente Fernando Moreira y el ministro Gabriel Katopodis. Como es habitual, la recorrida de Milei se extendi\u00f3 dos cuadras, dur\u00f3 menos de una [&hellip;]<\/p>\n","protected":false},"author":1,"featured_media":21860,"comment_status":"closed","ping_status":"closed","sticky":false,"template":"","format":"standard","meta":{"footnotes":""},"categories":[20,48,24],"tags":[245,255,256],"class_list":{"0":"post-21859","1":"post","2":"type-post","3":"status-publish","4":"format-standard","5":"has-post-thumbnail","7":"category-municipios","8":"category-politica-argentina","9":"category-san-martin","10":"tag-elecciones-2023","11":"tag-javier-milei","12":"tag-libertarios"},"aioseo_notices":[],"_links":{"self":[{"href":"https:\/\/guiadenoticias.com.ar\/diario\/wp-json\/wp\/v2\/posts\/21859","targetHints":{"allow":["GET"]}}],"collection":[{"href":"https:\/\/guiadenoticias.com.ar\/diario\/wp-json\/wp\/v2\/posts"}],"about":[{"href":"https:\/\/guiadenoticias.com.ar\/diario\/wp-json\/wp\/v2\/types\/post"}],"author":[{"embeddable":true,"href":"https:\/\/guiadenoticias.com.ar\/diario\/wp-json\/wp\/v2\/users\/1"}],"replies":[{"embeddable":true,"href":"https:\/\/guiadenoticias.com.ar\/diario\/wp-json\/wp\/v2\/comments?post=21859"}],"version-history":[{"count":1,"href":"https:\/\/guiadenoticias.com.ar\/diario\/wp-json\/wp\/v2\/posts\/21859\/revisions"}],"predecessor-version":[{"id":21861,"href":"https:\/\/guiadenoticias.com.ar\/diario\/wp-json\/wp\/v2\/posts\/21859\/revisions\/21861"}],"wp:featuredmedia":[{"embeddable":true,"href":"https:\/\/guiadenoticias.com.ar\/diario\/wp-json\/wp\/v2\/media\/21860"}],"wp:attachment":[{"href":"https:\/\/guiadenoticias.com.ar\/diario\/wp-json\/wp\/v2\/media?parent=21859"}],"wp:term":[{"taxonomy":"category","embeddable":true,"href":"https:\/\/guiadenoticias.com.ar\/diario\/wp-json\/wp\/v2\/categories?post=21859"},{"taxonomy":"post_tag","embeddable":true,"href":"https:\/\/guiadenoticias.com.ar\/diario\/wp-json\/wp\/v2\/tags?post=21859"}],"curies":[{"name":"wp","href":"https:\/\/api.w.org\/{rel}","templated":true}]}}