{"id":21885,"date":"2023-10-02T01:30:33","date_gmt":"2023-10-02T04:30:33","guid":{"rendered":"https:\/\/guiadenoticias.com.ar\/diario\/?p=21885"},"modified":"2023-10-02T03:25:05","modified_gmt":"2023-10-02T06:25:05","slug":"un-debate-con-mucho-guion-y-algunos-anuncios","status":"publish","type":"post","link":"https:\/\/guiadenoticias.com.ar\/diario\/un-debate-con-mucho-guion-y-algunos-anuncios\/","title":{"rendered":"Un debate con mucho guion y algunos anuncios"},"content":{"rendered":"<p>Los cinco candidatos y candidatas que aspiran a la Presidencia confluyeron este domingo, en el Centro de Convenciones Forum de Santiago del Estero, donde se desarroll\u00f3 el primer debate obligatorio y p\u00fablico, que se detuvo en la discusi\u00f3n econ\u00f3mica, pero aport\u00f3 menos picante del previsto. Los nombres de Alberto Fern\u00e1ndez y Cristina Fern\u00e1ndez, actuales Presidente y su vice, casi no fueron dichos.<\/p>\n<p>Capt\u00f3 la atenci\u00f3n del pa\u00eds con 44 puntos de rating en la suma de todos los canales de aire y en el tramo inicial fueron las presentaciones. El primer \u00edtem propuesto fue Econom\u00eda y focaliz\u00f3 la atenci\u00f3n de Sergio Massa (Uni\u00f3n por la Patria), Patricia Bullrich (Juntos por el Cambio), Javier Milei (La Libertad Avanza), Myriam Bregman (Frente de Izquierda) y Juan Schiaretti (Hacemos por Nuestro Pa\u00eds).<\/p>\n<p>Massa destac\u00f3 que \u201cahora viene una etapa nueva, mi gobierno, no este gobierno; vamos a corregir errores y hacer los cambios que haya que hacer, cueste lo que cueste\u00bb. Una de las novedades de campa\u00f1a fue su anuncio de una \u00abmoneda digital argentina\u00bb, y el impulso de una ley de blanqueo acompa\u00f1ada por una modificaci\u00f3n del sistema penal para establecer \u00abc\u00e1rcel a los evasores y a los que fugan\u00bb.<\/p>\n<p>No falt\u00f3 su menci\u00f3n a la deuda con el FMI y tambi\u00e9n, ante una pregunta de Milei, ratific\u00f3 su aspiraci\u00f3n a convocar a \u00abun gobierno de unidad nacional, donde est\u00e9n los mejores del radicalismo, del PRO o incluso de La Libertad Avanza\u201d.<\/p>\n<p>El actual ministro de Econom\u00eda cont\u00f3 asimismo sus propuestas en Educaci\u00f3n. En ese sentido dijo que en el Presupuesto que envi\u00f3 al Congreso establece subir de 6 a 8 puntos del PBI la inversi\u00f3n en esta \u00e1rea. Cifra que luego contradijo Bullrich.<\/p>\n<p>Por su parte, Milei acat\u00f3 buena parte del formato acordado y mostr\u00f3 as\u00ed una postura m\u00e1s moderada. Asegur\u00f3 que si llega a la Presidencia, los argentinos podr\u00e1n tener \u00aben 15 a\u00f1os los niveles de vida de Italia y Francia, en 20 a\u00f1os los de Alemania y en 25, los de Estados Unidos\u00bb, consider\u00f3 \u00abchantas\u00bb a los asesores econ\u00f3micos de Bullrich, centr\u00f3 sus cr\u00edticas en la emisi\u00f3n monetaria.<\/p>\n<p>Intervenciones fuertes en Econom\u00eda, dudosas en Educaci\u00f3n y la previsible en Derechos Humanos; reedit\u00f3 su postura \u00abnegacionista\u00bb de la represi\u00f3n en Argentina, pidi\u00f3 perd\u00f3n por sus agravios al Papa Francisco y admiti\u00f3 que el dirigente Luis Barrionuevo tambi\u00e9n es parte de la \u00abcasta\u00bb sindical, aunque desliz\u00f3 que ser\u00eda necesario para un cambio en el sistema laboral.<\/p>\n<p>Bullrich prometi\u00f3 el \u00abcambio\u00bb frente a una \u00abArgentina arrasada\u00bb, le pidi\u00f3 a Massa que se haga cargo del Presupuesto con d\u00e9ficit. Adem\u00e1s, busc\u00f3 pulsear con el candidato libertario a quien le advirti\u00f3 que los \u00fanicos tres pa\u00edses que no tienen un Banco Central son \u00abpara\u00edsos fiscales\u00bb. De todos modos, Econom\u00eda fue el punto d\u00e9bil de su participaci\u00f3n.<\/p>\n<p>Se\u00f1al\u00f3, \u00abvoy a borrar del mapa la inflaci\u00f3n, con decisi\u00f3n pol\u00edtica, temperamento y el coraje para los cambios\u00bb, asegur\u00f3 y resalt\u00f3 la figura de su potencial ministro de Econom\u00eda, Carlos Melconian. Resumi\u00f3: \u00abOrden econ\u00f3mico y equilibrio fiscal, y el pa\u00eds arranca\u00bb.<\/p>\n<p>Abiertamente habl\u00f3 de su militancia en la JP y defendi\u00f3 a las fuerzas de seguridad. Apunt\u00f3 contra movimientos piqueteros y los sindicatos por ser responsables de que est\u00e9 \u00abrota la convivencia democr\u00e1tica\u00bb. En sus referencias a Educaci\u00f3n rescat\u00f3 la figura de Domingo Sarmiento.<\/p>\n<p>Bregman hizo gala de un discurso efectista para desmarcarse del resto de los contrincantes, ratific\u00f3 las banderas hist\u00f3ricas de la izquierda y apunt\u00f3 dardos hacia los otros cuatro adversarios, pero eligi\u00f3 la mayor\u00eda de las pulseadas -en los tramos de \u00abderecho a r\u00e9plica\u00bb o en el segmento de preguntas individuales- con Milei, al que defini\u00f3 como \u00abun gatito mimoso del poder econ\u00f3mico\u00bb. A la candidata de JxC le cuestion\u00f3 su \u00abpol\u00edtica de represi\u00f3n\u00bb, a la que hizo responsable de las muertes de Santiago Maldonado y Rafael Nahuel.<\/p>\n<p>Una de las sorpresas del debate fueron las intervenciones de Schiaretti, quien de forma permanente hizo gui\u00f1os a la poblaci\u00f3n que no vive en el Amba. Sac\u00f3 a relucir su mu\u00f1eca pol\u00edtica y meti\u00f3 ruido inesperado en los cruces con el resto de los candidatos.<\/p>\n<p>El cordob\u00e9s asegur\u00f3 ser capaz de implementar el mismo \u00abequilibrio fiscal\u00bb logrado en la provincia y resolver la inflaci\u00f3n. Su mensaje fue en contra la llamada \u00abgrieta\u00bb y en favor del federalismo. Cuestion\u00f3 por igual al Gobierno y a la anterior gesti\u00f3n de Cambiemos porque \u201cambos aumentaron la pobreza\u201d.<\/p>\n<p>El tema que irrumpi\u00f3 en la agenda el s\u00e1bado, Mart\u00edn Insaurralde en un yate en Marsella, apenas gener\u00f3 algunos comentarios ir\u00f3nicos, tanto de Bregman como de Bullrich. No obstante, lo m\u00e1s fuerte lo aport\u00f3 Massa cuando ya se iba del lugar, al abandonar el Centro de Convenciones indic\u00f3 a un periodista, \u00abcometi\u00f3 un grave error, renunci\u00f3 y tiene que renunciar a la candidatura tambi\u00e9n en Lomas\u00bb, donde se postula para concejal.<\/p>\n<p>As\u00ed como la Universidad Nacional de Santiago del Estero estuvo a cargo de los preparativos del encuentro, el domingo 8 de octubre ser\u00e1 el turno del segundo debate, en la facultad de Derecho de la Universidad de Buenos Aires. En esta primera oportunidad actuaron como moderadores los periodistas Rodolfo Barili, Evangelina Ramallo, Esteban Mirol y Lucila Trujillo.<\/p>\n","protected":false},"excerpt":{"rendered":"<p>Los cinco candidatos y candidatas que aspiran a la Presidencia confluyeron este domingo, en el Centro de Convenciones Forum de Santiago del Estero, donde se desarroll\u00f3 el primer debate obligatorio y p\u00fablico, que se detuvo en la discusi\u00f3n econ\u00f3mica, pero aport\u00f3 menos picante del previsto. Los nombres de Alberto Fern\u00e1ndez y Cristina Fern\u00e1ndez, actuales Presidente [&hellip;]<\/p>\n","protected":false},"author":1,"featured_media":21886,"comment_status":"closed","ping_status":"closed","sticky":false,"template":"","format":"standard","meta":{"footnotes":""},"categories":[30,48],"tags":[245,255,258,257,149,87],"class_list":{"0":"post-21885","1":"post","2":"type-post","3":"status-publish","4":"format-standard","5":"has-post-thumbnail","7":"category-nacion","8":"category-politica-argentina","9":"tag-elecciones-2023","10":"tag-javier-milei","11":"tag-juan-schiaretti","12":"tag-miryam-bregman","13":"tag-patricia-bullrich","14":"tag-sergio-massa"},"aioseo_notices":[],"_links":{"self":[{"href":"https:\/\/guiadenoticias.com.ar\/diario\/wp-json\/wp\/v2\/posts\/21885","targetHints":{"allow":["GET"]}}],"collection":[{"href":"https:\/\/guiadenoticias.com.ar\/diario\/wp-json\/wp\/v2\/posts"}],"about":[{"href":"https:\/\/guiadenoticias.com.ar\/diario\/wp-json\/wp\/v2\/types\/post"}],"author":[{"embeddable":true,"href":"https:\/\/guiadenoticias.com.ar\/diario\/wp-json\/wp\/v2\/users\/1"}],"replies":[{"embeddable":true,"href":"https:\/\/guiadenoticias.com.ar\/diario\/wp-json\/wp\/v2\/comments?post=21885"}],"version-history":[{"count":3,"href":"https:\/\/guiadenoticias.com.ar\/diario\/wp-json\/wp\/v2\/posts\/21885\/revisions"}],"predecessor-version":[{"id":21891,"href":"https:\/\/guiadenoticias.com.ar\/diario\/wp-json\/wp\/v2\/posts\/21885\/revisions\/21891"}],"wp:featuredmedia":[{"embeddable":true,"href":"https:\/\/guiadenoticias.com.ar\/diario\/wp-json\/wp\/v2\/media\/21886"}],"wp:attachment":[{"href":"https:\/\/guiadenoticias.com.ar\/diario\/wp-json\/wp\/v2\/media?parent=21885"}],"wp:term":[{"taxonomy":"category","embeddable":true,"href":"https:\/\/guiadenoticias.com.ar\/diario\/wp-json\/wp\/v2\/categories?post=21885"},{"taxonomy":"post_tag","embeddable":true,"href":"https:\/\/guiadenoticias.com.ar\/diario\/wp-json\/wp\/v2\/tags?post=21885"}],"curies":[{"name":"wp","href":"https:\/\/api.w.org\/{rel}","templated":true}]}}