{"id":21944,"date":"2023-10-09T20:00:36","date_gmt":"2023-10-09T23:00:36","guid":{"rendered":"https:\/\/guiadenoticias.com.ar\/diario\/?p=21944"},"modified":"2023-10-17T02:34:25","modified_gmt":"2023-10-17T05:34:25","slug":"mauricio-macri-la-milito-en-zona-norte","status":"publish","type":"post","link":"https:\/\/guiadenoticias.com.ar\/diario\/mauricio-macri-la-milito-en-zona-norte\/","title":{"rendered":"Mauricio Macri la milit\u00f3 en Zona Norte"},"content":{"rendered":"<p><strong>El expresidente Mauricio Macri se sum\u00f3 a la campa\u00f1a y recorri\u00f3 los distritos de zona norte San Isidro y Vicente L\u00f3pez. En este \u00faltimo caso, visit\u00f3 la zona comercial junto con la intendenta Soledad Mart\u00ednez. All\u00ed dialogaron con vecinos del barrio y repartieron la boleta de Juntos por el Cambio, en la que la jefa comunal acompa\u00f1a a Patricia Bullrich y N\u00e9stor Grindetti.<\/strong><\/p>\n<p>Durante la recorrida, Mauricio Macri manifest\u00f3 su apoyo a Soledad Mart\u00ednez y llam\u00f3 a votar por los candidatos de JxC. La intendenta gan\u00f3 las PASO con 54% de los votos y qued\u00f3 con una diferencia de m\u00e1s del 30% con respecto al candidato local de Uni\u00f3n por la Patria.<\/p>\n<p>Vicente L\u00f3pez es uno de los distritos que m\u00e1s votos le aportan a Juntos por el Cambio en el Conurbano y donde el PRO gana hace m\u00e1s de 10 a\u00f1os con una amplia diferencia frente al kirchnerismo.<\/p>\n","protected":false},"excerpt":{"rendered":"<p>El expresidente Mauricio Macri se sum\u00f3 a la campa\u00f1a y recorri\u00f3 los distritos de zona norte San Isidro y Vicente L\u00f3pez. En este \u00faltimo caso, visit\u00f3 la zona comercial junto con la intendenta Soledad Mart\u00ednez. All\u00ed dialogaron con vecinos del barrio y repartieron la boleta de Juntos por el Cambio, en la que la jefa [&hellip;]<\/p>\n","protected":false},"author":1,"featured_media":21945,"comment_status":"closed","ping_status":"closed","sticky":false,"template":"","format":"standard","meta":{"footnotes":""},"categories":[20,48,21,25],"tags":[245,75,98,133,142,176],"class_list":{"0":"post-21944","1":"post","2":"type-post","3":"status-publish","4":"format-standard","5":"has-post-thumbnail","7":"category-municipios","8":"category-politica-argentina","9":"category-san-isidro","10":"category-vicente-lopez","11":"tag-elecciones-2023","12":"tag-gustavo-posse","13":"tag-juntos-por-el-cambio","14":"tag-mauricio-macri","15":"tag-pro","16":"tag-soledad-martinez"},"aioseo_notices":[],"_links":{"self":[{"href":"https:\/\/guiadenoticias.com.ar\/diario\/wp-json\/wp\/v2\/posts\/21944","targetHints":{"allow":["GET"]}}],"collection":[{"href":"https:\/\/guiadenoticias.com.ar\/diario\/wp-json\/wp\/v2\/posts"}],"about":[{"href":"https:\/\/guiadenoticias.com.ar\/diario\/wp-json\/wp\/v2\/types\/post"}],"author":[{"embeddable":true,"href":"https:\/\/guiadenoticias.com.ar\/diario\/wp-json\/wp\/v2\/users\/1"}],"replies":[{"embeddable":true,"href":"https:\/\/guiadenoticias.com.ar\/diario\/wp-json\/wp\/v2\/comments?post=21944"}],"version-history":[{"count":1,"href":"https:\/\/guiadenoticias.com.ar\/diario\/wp-json\/wp\/v2\/posts\/21944\/revisions"}],"predecessor-version":[{"id":21946,"href":"https:\/\/guiadenoticias.com.ar\/diario\/wp-json\/wp\/v2\/posts\/21944\/revisions\/21946"}],"wp:featuredmedia":[{"embeddable":true,"href":"https:\/\/guiadenoticias.com.ar\/diario\/wp-json\/wp\/v2\/media\/21945"}],"wp:attachment":[{"href":"https:\/\/guiadenoticias.com.ar\/diario\/wp-json\/wp\/v2\/media?parent=21944"}],"wp:term":[{"taxonomy":"category","embeddable":true,"href":"https:\/\/guiadenoticias.com.ar\/diario\/wp-json\/wp\/v2\/categories?post=21944"},{"taxonomy":"post_tag","embeddable":true,"href":"https:\/\/guiadenoticias.com.ar\/diario\/wp-json\/wp\/v2\/tags?post=21944"}],"curies":[{"name":"wp","href":"https:\/\/api.w.org\/{rel}","templated":true}]}}