{"id":22049,"date":"2023-11-05T14:00:03","date_gmt":"2023-11-05T17:00:03","guid":{"rendered":"https:\/\/guiadenoticias.com.ar\/diario\/?p=22049"},"modified":"2023-11-17T01:53:00","modified_gmt":"2023-11-17T04:53:00","slug":"milei-sin-motosierra-en-el-conurbano","status":"publish","type":"post","link":"https:\/\/guiadenoticias.com.ar\/diario\/milei-sin-motosierra-en-el-conurbano\/","title":{"rendered":"Milei, sin motosierra en el Conurbano"},"content":{"rendered":"<p>Por Elisa Rossi<\/p>\n<p>En esta etapa de la campa\u00f1a camino al ballotage, el candidato a presidente de La Libertad Avanza, Javier Milei, agudiz\u00f3 la \u201cbajada a territorio\u201d y por estos d\u00edas hace foco en el conurbano bonaerense. Otro dato, quiz\u00e1 no menor, es que prev\u00e9 el cierre en C\u00f3rdoba, una provincia que podr\u00eda hacer la diferencia en los guarismos del 19 de noviembre.<\/p>\n<p><strong>Itinerario del s\u00e1bado, San Isidro &#8211; donde la novedad de las PASO fue la derrota de Posse &#8211; y result\u00f3 electo el macrista Ram\u00f3n Lan\u00fas, que no acompa\u00f1\u00f3 la caravana aunque ya dijo que lo votar\u00e1.<\/strong><\/p>\n<p><strong>Ciudad Jard\u00edn: en Tres de Febrero fue reelecto el 22 de octubre Diego Valenzuela, de Juntos por el Cambio, un compa\u00f1ero de la facultad. All\u00ed, LLA hasta improvis\u00f3 un escenario a metros de la Plaza del Avi\u00f3n.<\/strong><\/p>\n<p>En el recorrido estuvieron Victoria Villarruel, candidata a vicepresidenta; Ramiro Marra y camiseta de Boca, excandidato a jefe de Gobierno, Karina Milei (la hermana del economista y \u201carmadora\u201d del espacio); tambi\u00e9n dijeron presente Carolina P\u00edparo, excandidata a gobernadora de Buenos Aires, y la periodista Marcela Pagano, que tiene una banca de diputada.<\/p>\n<p><img loading=\"lazy\" decoding=\"async\" class=\"wp-image-22050 aligncenter\" src=\"https:\/\/guiadenoticias.com.ar\/diario\/wp-content\/uploads\/2023\/11\/caravana.jpg\" alt=\"\" width=\"601\" height=\"366\" srcset=\"https:\/\/guiadenoticias.com.ar\/diario\/wp-content\/uploads\/2023\/11\/caravana.jpg 700w, https:\/\/guiadenoticias.com.ar\/diario\/wp-content\/uploads\/2023\/11\/caravana-300x183.jpg 300w, https:\/\/guiadenoticias.com.ar\/diario\/wp-content\/uploads\/2023\/11\/caravana-696x424.jpg 696w, https:\/\/guiadenoticias.com.ar\/diario\/wp-content\/uploads\/2023\/11\/caravana-690x420.jpg 690w\" sizes=\"auto, (max-width: 601px) 100vw, 601px\" \/><\/p>\n<p>Milei se movi\u00f3 como un \u201crock star\u201d, como en la mayor\u00eda de sus caravanas. Lo rodeaban banderas argentinas y amarillas libertarias. El itinerario sigue el lunes 6 de noviembre, que arrancar\u00e1 en Ciudadela, otra vez en Tres de Febrero en tres d\u00edas, hasta Ramos Mej\u00eda, perteneciente a la populosa La Matanza.<\/p>\n<p>En El Economista citaron parte de lo dicho por el actual diputado en su recorrida del s\u00e1bado, \u00abMassa es el candidato del status quo. Es el candidato de la continuidad\u00bb. Adem\u00e1s, mencion\u00f3 que \u201cArgentina se encuentra frente a una crisis hist\u00f3rica producto de la fiesta populista. Lleg\u00f3 el momento de pagar la factura. La discusi\u00f3n es qui\u00e9n paga la fiesta, la pagan los argentinos de bien o los amigos de Massa, o sea la pol\u00edtica, los empresarios prebendarios, los \u2018sindigarcas\u2019, entre muchos otros\u00bb.<\/p>\n","protected":false},"excerpt":{"rendered":"<p>Por Elisa Rossi En esta etapa de la campa\u00f1a camino al ballotage, el candidato a presidente de La Libertad Avanza, Javier Milei, agudiz\u00f3 la \u201cbajada a territorio\u201d y por estos d\u00edas hace foco en el conurbano bonaerense. Otro dato, quiz\u00e1 no menor, es que prev\u00e9 el cierre en C\u00f3rdoba, una provincia que podr\u00eda hacer la [&hellip;]<\/p>\n","protected":false},"author":1,"featured_media":22051,"comment_status":"closed","ping_status":"closed","sticky":false,"template":"","format":"standard","meta":{"footnotes":""},"categories":[70,20,30,48],"tags":[245,255,98,261],"class_list":{"0":"post-22049","1":"post","2":"type-post","3":"status-publish","4":"format-standard","5":"has-post-thumbnail","7":"category-las-mas-leidas","8":"category-municipios","9":"category-nacion","10":"category-politica-argentina","11":"tag-elecciones-2023","12":"tag-javier-milei","13":"tag-juntos-por-el-cambio","14":"tag-la-libertad-avanza"},"aioseo_notices":[],"_links":{"self":[{"href":"https:\/\/guiadenoticias.com.ar\/diario\/wp-json\/wp\/v2\/posts\/22049","targetHints":{"allow":["GET"]}}],"collection":[{"href":"https:\/\/guiadenoticias.com.ar\/diario\/wp-json\/wp\/v2\/posts"}],"about":[{"href":"https:\/\/guiadenoticias.com.ar\/diario\/wp-json\/wp\/v2\/types\/post"}],"author":[{"embeddable":true,"href":"https:\/\/guiadenoticias.com.ar\/diario\/wp-json\/wp\/v2\/users\/1"}],"replies":[{"embeddable":true,"href":"https:\/\/guiadenoticias.com.ar\/diario\/wp-json\/wp\/v2\/comments?post=22049"}],"version-history":[{"count":8,"href":"https:\/\/guiadenoticias.com.ar\/diario\/wp-json\/wp\/v2\/posts\/22049\/revisions"}],"predecessor-version":[{"id":22066,"href":"https:\/\/guiadenoticias.com.ar\/diario\/wp-json\/wp\/v2\/posts\/22049\/revisions\/22066"}],"wp:featuredmedia":[{"embeddable":true,"href":"https:\/\/guiadenoticias.com.ar\/diario\/wp-json\/wp\/v2\/media\/22051"}],"wp:attachment":[{"href":"https:\/\/guiadenoticias.com.ar\/diario\/wp-json\/wp\/v2\/media?parent=22049"}],"wp:term":[{"taxonomy":"category","embeddable":true,"href":"https:\/\/guiadenoticias.com.ar\/diario\/wp-json\/wp\/v2\/categories?post=22049"},{"taxonomy":"post_tag","embeddable":true,"href":"https:\/\/guiadenoticias.com.ar\/diario\/wp-json\/wp\/v2\/tags?post=22049"}],"curies":[{"name":"wp","href":"https:\/\/api.w.org\/{rel}","templated":true}]}}