{"id":22073,"date":"2023-11-07T20:00:45","date_gmt":"2023-11-07T23:00:45","guid":{"rendered":"https:\/\/guiadenoticias.com.ar\/diario\/?p=22073"},"modified":"2023-11-20T18:30:24","modified_gmt":"2023-11-20T21:30:24","slug":"el-museo-del-fitito-abrio-sus-puertas","status":"publish","type":"post","link":"https:\/\/guiadenoticias.com.ar\/diario\/el-museo-del-fitito-abrio-sus-puertas\/","title":{"rendered":"El Museo del Fitito abri\u00f3 sus puertas"},"content":{"rendered":"<p>Para rendir homenaje a uno de los autom\u00f3viles m\u00e1s emblem\u00e1ticos de industria nacional, la Municipalidad de Tres de Febrero organiz\u00f3 la Fiesta del Fitito, un evento que atrajo al Play\u00f3n Municipal de Caseros a coleccionistas y fan\u00e1ticos de este veh\u00edculo.<\/p>\n<p>El \u00faltimo fin de semana, por el museo pasaron m\u00e1s de 3 mil personas, que hicieron el recorrido hist\u00f3rico de poco m\u00e1s de veinte a\u00f1os. En este sentido, el intendente Diego Valenzuela dijo: \u201cQuiz\u00e1 sea el auto m\u00e1s querido por los argentinos y el primero de muchas familias, s\u00edmbolo de la movilidad social. Ten\u00eda que haber un espacio para homenajearlo y celebrar el trabajo, la producci\u00f3n y la amistad que representa\u201d.<\/p>\n<p>El domingo 5 de noviembre, una caravana de cientos de \u201cFititos\u201d parti\u00f3 desde el Aut\u00f3dromo Oscar y Juan G\u00e1lvez hasta el Play\u00f3n Municipal; hubo veh\u00edculos de todas partes del pa\u00eds. As\u00ed, la organizaci\u00f3n busca entrar en la gu\u00eda de records mundiales.<\/p>\n<p>Mart\u00edn Zuppi, presidente de Fiat Argentina, que viaj\u00f3 en caravana junto con el jefe comunal e historiador, expres\u00f3, \u201ccuando uno viene en caravana y la gente flamea una bandera argentina, trasciende cualquier tipo de modelo, cualquier tipo de marca\u201d.<\/p>\n<p>Para quienes quieran visitarlo, el museo &#8211; Alberdi y Murias, Caseros &#8211; ya se encuentra abierto al p\u00fablico de manera oficial con visitas guiadas de mi\u00e9rcoles a domingo, de 10 a 16 horas. All\u00ed tambi\u00e9n encontrar\u00e1n un simulador, indumentaria de los trabajadores de la planta, publicidad de \u00e9poca, piezas mec\u00e1nicas \u00fanicas, autopartes originales, modelos itinerantes y hasta un gift shop. Es necesaria una inscripci\u00f3n previa ingresando a bit.ly\/recorridamuseodelfitito.<\/p>\n","protected":false},"excerpt":{"rendered":"<p>Para rendir homenaje a uno de los autom\u00f3viles m\u00e1s emblem\u00e1ticos de industria nacional, la Municipalidad de Tres de Febrero organiz\u00f3 la Fiesta del Fitito, un evento que atrajo al Play\u00f3n Municipal de Caseros a coleccionistas y fan\u00e1ticos de este veh\u00edculo. El \u00faltimo fin de semana, por el museo pasaron m\u00e1s de 3 mil personas, que [&hellip;]<\/p>\n","protected":false},"author":1,"featured_media":22074,"comment_status":"closed","ping_status":"closed","sticky":false,"template":"","format":"standard","meta":{"footnotes":""},"categories":[70,20,26],"tags":[72],"class_list":{"0":"post-22073","1":"post","2":"type-post","3":"status-publish","4":"format-standard","5":"has-post-thumbnail","7":"category-las-mas-leidas","8":"category-municipios","9":"category-tres-de-febrero","10":"tag-diego-valenzuela"},"aioseo_notices":[],"_links":{"self":[{"href":"https:\/\/guiadenoticias.com.ar\/diario\/wp-json\/wp\/v2\/posts\/22073","targetHints":{"allow":["GET"]}}],"collection":[{"href":"https:\/\/guiadenoticias.com.ar\/diario\/wp-json\/wp\/v2\/posts"}],"about":[{"href":"https:\/\/guiadenoticias.com.ar\/diario\/wp-json\/wp\/v2\/types\/post"}],"author":[{"embeddable":true,"href":"https:\/\/guiadenoticias.com.ar\/diario\/wp-json\/wp\/v2\/users\/1"}],"replies":[{"embeddable":true,"href":"https:\/\/guiadenoticias.com.ar\/diario\/wp-json\/wp\/v2\/comments?post=22073"}],"version-history":[{"count":1,"href":"https:\/\/guiadenoticias.com.ar\/diario\/wp-json\/wp\/v2\/posts\/22073\/revisions"}],"predecessor-version":[{"id":22076,"href":"https:\/\/guiadenoticias.com.ar\/diario\/wp-json\/wp\/v2\/posts\/22073\/revisions\/22076"}],"wp:featuredmedia":[{"embeddable":true,"href":"https:\/\/guiadenoticias.com.ar\/diario\/wp-json\/wp\/v2\/media\/22074"}],"wp:attachment":[{"href":"https:\/\/guiadenoticias.com.ar\/diario\/wp-json\/wp\/v2\/media?parent=22073"}],"wp:term":[{"taxonomy":"category","embeddable":true,"href":"https:\/\/guiadenoticias.com.ar\/diario\/wp-json\/wp\/v2\/categories?post=22073"},{"taxonomy":"post_tag","embeddable":true,"href":"https:\/\/guiadenoticias.com.ar\/diario\/wp-json\/wp\/v2\/tags?post=22073"}],"curies":[{"name":"wp","href":"https:\/\/api.w.org\/{rel}","templated":true}]}}