{"id":22117,"date":"2023-11-20T21:41:17","date_gmt":"2023-11-21T00:41:17","guid":{"rendered":"https:\/\/guiadenoticias.com.ar\/diario\/?p=22117"},"modified":"2023-12-01T00:17:06","modified_gmt":"2023-12-01T03:17:06","slug":"milei-supero-los-pronosticos-y-pinto-el-pais-de-violeta","status":"publish","type":"post","link":"https:\/\/guiadenoticias.com.ar\/diario\/milei-supero-los-pronosticos-y-pinto-el-pais-de-violeta\/","title":{"rendered":"Milei super\u00f3 los pron\u00f3sticos y pint\u00f3 el pa\u00eds de violeta"},"content":{"rendered":"<p><strong>La Argentina tiene un nuevo Presidente electo y se abre para el pa\u00eds un escenario impensado hace no mucho tiempo: Javier Milei estar\u00e1 al frente del primer gobierno nacional libertario.<\/strong><\/p>\n<p>\u00abHoy comienza el fin de la decadencia argentina\u00bb, manifest\u00f3 Milei desde su b\u00fanker ubicado en el Hotel Libertador. \u00abBasta del modelo empobrecedor de la casta, hoy volvemos a abrazar el modelo de la libertad\u00bb, resalt\u00f3, tras ser presentado por su hermana, Karina Milei, antes de subir al escenario. Remarc\u00f3 que \u00abno hay lugar para gradualismo\u00bb desde el 10 de diciembre cuando asuma el poder.<\/p>\n<p>En el ballotage, el 55,6% de los argentinos y argentinas le dieron su respaldo en las urnas, por una amplia diferencia que quebr\u00f3 otra vez el mayor n\u00famero de pron\u00f3sticos sobre un final cabeza a cabeza con el candidato de Uni\u00f3n por la Patria, Sergio Massa. El libertario se impuso en 21 provincias con poco m\u00e1s de 11 puntos de diferencia y su victoria no pas\u00f3 desapercibida en otras partes del mundo<\/p>\n<p>En ese primer discurso (le\u00eddo) como Presidente electo, pidi\u00f3 \u00abresponsabilidad\u00bb al gobierno nacional. \u00abQue entienda que ha llegado una nueva Argentina y que act\u00faen en consecuencia. Que se hagan cargo hasta el final del mandato del 10 de diciembre\u00bb. Adem\u00e1s, fue una respuesta a Massa, que hab\u00eda dicho, antes de que sea p\u00fablico el recuento provisorio, que las decisiones econ\u00f3micas dependen ya de La Libertad Avanza.<\/p>\n<p>En otro momento, en su discurso de poco m\u00e1s de 15 minutos, Milei mencion\u00f3 que \u00abnuestro compromiso es con la democracia, con el comercio libre y con la paz. Vamos a trabajar codo a codo con todas las naciones del mundo libre\u00bb. Cap\u00edtulo aparte parece ser el gigante asi\u00e1tico.<\/p>\n<p>Aliado al macrismo, recuper\u00f3 territorios que hab\u00eda perdido de las PASO a las generales en manos del peronismo; revalid\u00f3 en otros que nunca cedi\u00f3, como Chubut, C\u00f3rdoba, Jujuy, Mendoza y Santa Fe, entre otras provincias; y sum\u00f3 nuevos distritos, donde se hab\u00edan impuesto Juntos por el Cambio en los dos turnos previos, CABA, Catamarca y Chaco. Tambi\u00e9n gan\u00f3 en Entre R\u00edos y Corrientes, que se pintaron primero de amarillo, en agosto, y luego de celeste.<\/p>\n<p>Los ejemplos m\u00e1s resonantes: en C\u00f3rdoba venci\u00f3 a Massa por un 74,2% contra el 25,7% y perfor\u00f3 el techo de votos que hab\u00eda cosechado Macri en el balotaje de 2015 y que le abri\u00f3 la puerta al Gobierno. En Mendoza, lleg\u00f3 al 71,3% contra el 28,6% del ministro de Econom\u00eda. Tambi\u00e9n ah\u00ed sum\u00f3 m\u00e1s votos que sus aliados,<\/p>\n<p>La Libertad Avanza contuvo a gran parte del opositor, al crecer de los 7,8 millones de octubre a los 14,4 millones ayer. Con un voto en blanco m\u00e1s bajo que en las PASO y las generales, de 1,5%, y un leve crecimiento del voto nulo -de 0,8 a 1,6%-, las y los electores tomaron partido por una de las dos opciones en pugna y no eludieron la decisi\u00f3n.<\/p>\n<p>En paralelo, solo una peque\u00f1a fracci\u00f3n decidi\u00f3 no participar de los comicios, pese al fin de semana largo que amenazaba con aumentar el ausentismo. Acorde a los datos provisorios informados por las autoridades, el 76,3% de los electores concurrieron a las mesas de votaci\u00f3n, apenas por debajo del 77% que hab\u00eda dicho presente el 22 de octubre y muy por arriba del 70% que asisti\u00f3 a sufragar en las PASO.<\/p>\n<p>Sergio Massa, que hab\u00eda duplicado su caudal de votos desde las primarias a las generales, pudo sumar dos millones m\u00e1s en esta ocasi\u00f3n. S\u00f3lo se impuso en la provincia de Buenos Aires, Formosa y Santiago del Estero, todos distritos de larga tradici\u00f3n peronista y que permanecer\u00e1n en manos de gobernadores de ese cu\u00f1o.<\/p>\n<p>La mayor sorpresa, como el 22 de octubre, la dio el territorio bonaerense, esta vez por la negativa. El candidato presidencial de UP triunf\u00f3 con una magra cosecha para las expectativas puestas en la primera provincia en cantidad de electores: termin\u00f3 casi parejo con el libertario, 59,7% a 49,2%. La alianza con Juntos neutraliz\u00f3 la gran diferencia que hab\u00eda conseguido el ministro de Econom\u00eda el 22 de octubre.<\/p>\n","protected":false},"excerpt":{"rendered":"<p>La Argentina tiene un nuevo Presidente electo y se abre para el pa\u00eds un escenario impensado hace no mucho tiempo: Javier Milei estar\u00e1 al frente del primer gobierno nacional libertario. \u00abHoy comienza el fin de la decadencia argentina\u00bb, manifest\u00f3 Milei desde su b\u00fanker ubicado en el Hotel Libertador. \u00abBasta del modelo empobrecedor de la casta, [&hellip;]<\/p>\n","protected":false},"author":1,"featured_media":22118,"comment_status":"closed","ping_status":"closed","sticky":false,"template":"","format":"standard","meta":{"footnotes":""},"categories":[70,30,48],"tags":[245,255,261,142],"class_list":{"0":"post-22117","1":"post","2":"type-post","3":"status-publish","4":"format-standard","5":"has-post-thumbnail","7":"category-las-mas-leidas","8":"category-nacion","9":"category-politica-argentina","10":"tag-elecciones-2023","11":"tag-javier-milei","12":"tag-la-libertad-avanza","13":"tag-pro"},"aioseo_notices":[],"_links":{"self":[{"href":"https:\/\/guiadenoticias.com.ar\/diario\/wp-json\/wp\/v2\/posts\/22117","targetHints":{"allow":["GET"]}}],"collection":[{"href":"https:\/\/guiadenoticias.com.ar\/diario\/wp-json\/wp\/v2\/posts"}],"about":[{"href":"https:\/\/guiadenoticias.com.ar\/diario\/wp-json\/wp\/v2\/types\/post"}],"author":[{"embeddable":true,"href":"https:\/\/guiadenoticias.com.ar\/diario\/wp-json\/wp\/v2\/users\/1"}],"replies":[{"embeddable":true,"href":"https:\/\/guiadenoticias.com.ar\/diario\/wp-json\/wp\/v2\/comments?post=22117"}],"version-history":[{"count":1,"href":"https:\/\/guiadenoticias.com.ar\/diario\/wp-json\/wp\/v2\/posts\/22117\/revisions"}],"predecessor-version":[{"id":22120,"href":"https:\/\/guiadenoticias.com.ar\/diario\/wp-json\/wp\/v2\/posts\/22117\/revisions\/22120"}],"wp:featuredmedia":[{"embeddable":true,"href":"https:\/\/guiadenoticias.com.ar\/diario\/wp-json\/wp\/v2\/media\/22118"}],"wp:attachment":[{"href":"https:\/\/guiadenoticias.com.ar\/diario\/wp-json\/wp\/v2\/media?parent=22117"}],"wp:term":[{"taxonomy":"category","embeddable":true,"href":"https:\/\/guiadenoticias.com.ar\/diario\/wp-json\/wp\/v2\/categories?post=22117"},{"taxonomy":"post_tag","embeddable":true,"href":"https:\/\/guiadenoticias.com.ar\/diario\/wp-json\/wp\/v2\/tags?post=22117"}],"curies":[{"name":"wp","href":"https:\/\/api.w.org\/{rel}","templated":true}]}}