{"id":22146,"date":"2023-11-30T20:00:24","date_gmt":"2023-11-30T23:00:24","guid":{"rendered":"https:\/\/guiadenoticias.com.ar\/diario\/?p=22146"},"modified":"2023-12-11T01:18:15","modified_gmt":"2023-12-11T04:18:15","slug":"pablo-descalzo-encabezo-acto-junto-con-nora-cortinas","status":"publish","type":"post","link":"https:\/\/guiadenoticias.com.ar\/diario\/pablo-descalzo-encabezo-acto-junto-con-nora-cortinas\/","title":{"rendered":"Pablo Descalzo encabez\u00f3 acto junto con Nora Corti\u00f1as"},"content":{"rendered":"<p>El jefe de Gabinete e intendente electo, Pablo Descalzo, encabez\u00f3 el acto de imposici\u00f3n de nombre de la Escuela de Educaci\u00f3n Secundaria N\u00b08, la cual llevar\u00e1 el nombre Sonia Von Schmeling, la joven estudiante de Ituzaing\u00f3 detenida-desaparecida durante la \u00faltima dictadura c\u00edvico militar. En la ceremonia estuvo presente la Co-fundadora de Madres de Plaza de Mayo, Nora Corti\u00f1as.<\/p>\n<p>Durante el acto se proyect\u00f3 el trailer del documental \u201cSonia regresa al barrio\u201d, que fue presentado por el docente Uriel Casella y los estudiantes que participaron del proyecto que particip\u00f3 en el encuentro final del Programa J\u00f3venes y Memoria, que realizan todos los a\u00f1os en Chapadmalal.<\/p>\n<p>Pablo Descalzo destac\u00f3: \u00abA partir de hoy, la escuela tiene una identidad que abraza la memoria, la verdad y la justicia. Tener esta escuela p\u00fablica y que lleve el nombre de Sonia es un homenaje para ella, para sus compa\u00f1eros de la UES y para los 30.000 desaparecidos detenidos. Hoy m\u00e1s que nunca peleamos por la igualdad y por seguir construyendo esa patria que buscaban nuestros compa\u00f1eros, justa, libre y soberana\u201d.<\/p>\n<p>A su vez, Ingrid Von Schmeling, hermana de Sonia, destac\u00f3 que \u201ces muy importante y emocionante para nosotros como familia que la escuela p\u00fablica del barrio donde naci\u00f3 y vivi\u00f3 Sonia lleve su nombre. Pero no s\u00f3lo por ella y su historia personal, sino por el colectivo que representa, por los miles de j\u00f3venes que fueron desaparecidos y sus compa\u00f1eros de militancia de Uni\u00f3n de Estudiantes Secundarios. A partir de hoy esta escuela se transforma en un emblema y es s\u00edmbolo de un compromiso con la verdad, la memoria y la justicia\u201d.<\/p>\n<p>A su turno, Nora Corti\u00f1as se\u00f1al\u00f3, \u201cestos d\u00edas tenemos que defender m\u00e1s que nunca a la patria, a nuestra Argentina, a nuestro pueblo. Tenemos que estar juntos, unidos, aceptar las disidencias y mirarnos a los ojos; contagiarnos del amor y no dejarnos infectar por el odio. La Argentina vivi\u00f3 muchos momentos dif\u00edciles y salimos. Tenemos la fuerza de una juventud hermosa\u201d.<\/p>\n<p>Sonia Von Schmeling cursaba el secundario en el Colegio Nuestra Se\u00f1ora de Lourdes, en Villa Udaondo; era integrante de la Uni\u00f3n de Estudiantes Secundarios (UES) y militaba por los derechos de las y los j\u00f3venes. Ten\u00eda 16 a\u00f1os cuando fue secuestrada por la \u00faltima dictadura c\u00edvico-militar la noche del 28 de septiembre de 1977. A\u00fan permanece desaparecida.<\/p>\n","protected":false},"excerpt":{"rendered":"<p>El jefe de Gabinete e intendente electo, Pablo Descalzo, encabez\u00f3 el acto de imposici\u00f3n de nombre de la Escuela de Educaci\u00f3n Secundaria N\u00b08, la cual llevar\u00e1 el nombre Sonia Von Schmeling, la joven estudiante de Ituzaing\u00f3 detenida-desaparecida durante la \u00faltima dictadura c\u00edvico militar. En la ceremonia estuvo presente la Co-fundadora de Madres de Plaza de [&hellip;]<\/p>\n","protected":false},"author":1,"featured_media":22147,"comment_status":"closed","ping_status":"closed","sticky":false,"template":"","format":"standard","meta":{"footnotes":""},"categories":[29,70,20],"tags":[263,242],"class_list":{"0":"post-22146","1":"post","2":"type-post","3":"status-publish","4":"format-standard","5":"has-post-thumbnail","7":"category-ituzaingo","8":"category-las-mas-leidas","9":"category-municipios","10":"tag-derechos-humanos","11":"tag-pablo-descalzo"},"aioseo_notices":[],"_links":{"self":[{"href":"https:\/\/guiadenoticias.com.ar\/diario\/wp-json\/wp\/v2\/posts\/22146","targetHints":{"allow":["GET"]}}],"collection":[{"href":"https:\/\/guiadenoticias.com.ar\/diario\/wp-json\/wp\/v2\/posts"}],"about":[{"href":"https:\/\/guiadenoticias.com.ar\/diario\/wp-json\/wp\/v2\/types\/post"}],"author":[{"embeddable":true,"href":"https:\/\/guiadenoticias.com.ar\/diario\/wp-json\/wp\/v2\/users\/1"}],"replies":[{"embeddable":true,"href":"https:\/\/guiadenoticias.com.ar\/diario\/wp-json\/wp\/v2\/comments?post=22146"}],"version-history":[{"count":1,"href":"https:\/\/guiadenoticias.com.ar\/diario\/wp-json\/wp\/v2\/posts\/22146\/revisions"}],"predecessor-version":[{"id":22149,"href":"https:\/\/guiadenoticias.com.ar\/diario\/wp-json\/wp\/v2\/posts\/22146\/revisions\/22149"}],"wp:featuredmedia":[{"embeddable":true,"href":"https:\/\/guiadenoticias.com.ar\/diario\/wp-json\/wp\/v2\/media\/22147"}],"wp:attachment":[{"href":"https:\/\/guiadenoticias.com.ar\/diario\/wp-json\/wp\/v2\/media?parent=22146"}],"wp:term":[{"taxonomy":"category","embeddable":true,"href":"https:\/\/guiadenoticias.com.ar\/diario\/wp-json\/wp\/v2\/categories?post=22146"},{"taxonomy":"post_tag","embeddable":true,"href":"https:\/\/guiadenoticias.com.ar\/diario\/wp-json\/wp\/v2\/tags?post=22146"}],"curies":[{"name":"wp","href":"https:\/\/api.w.org\/{rel}","templated":true}]}}