{"id":22167,"date":"2023-12-02T12:00:17","date_gmt":"2023-12-02T15:00:17","guid":{"rendered":"https:\/\/guiadenoticias.com.ar\/diario\/?p=22167"},"modified":"2023-12-07T03:00:26","modified_gmt":"2023-12-07T06:00:26","slug":"testeos-gratuitos-por-el-dia-de-lucha-contra-el-vih-sida","status":"publish","type":"post","link":"https:\/\/guiadenoticias.com.ar\/diario\/testeos-gratuitos-por-el-dia-de-lucha-contra-el-vih-sida\/","title":{"rendered":"Testeos gratuitos por el D\u00eda de Lucha contra el VIH\/SIDA"},"content":{"rendered":"<p>El distrito de San Fernando adhiri\u00f3 al D\u00eda Mundial de la Lucha contra el VIH\/SIDA y entre otras acciones realiz\u00f3 gratuitamente test r\u00e1pidos, consultas m\u00e9dicas y brind\u00f3 asesoramiento profesional en forma confidencial. Esta actividad abierta a la comunidad y coordinada por la Secretar\u00eda de Salud P\u00fablica, tuvo lugar en la c\u00e9ntrica plaza Mitre.<\/p>\n<p>Al respecto, Guillermo Lamboglia, director General de Atenci\u00f3n Primaria del municipio, explic\u00f3: \u201cEl 1 de diciembre se instituy\u00f3 para concientizar sobre la enfermedad del VIH\/SIDA que es prevenible; muchas veces, no nos damos cuenta de los s\u00edntomas, por eso los testeos son fundamentales. Si tuvimos alguna relaci\u00f3n sexual sin protecci\u00f3n es ideal testearnos\u201d.<\/p>\n<p>El m\u00e9dico resalt\u00f3, \u201cno hay que olvidar que la \u00fanica manera de prevenir el VIH\/SIDA es usando preservativo en toda relaci\u00f3n sexual. Y los preservativos los entrega el municipio en todos sus Centros de Salud de forma completamente gratuita\u201d. De igual manera, all\u00ed la comunidad puede testearse.<\/p>\n","protected":false},"excerpt":{"rendered":"<p>El distrito de San Fernando adhiri\u00f3 al D\u00eda Mundial de la Lucha contra el VIH\/SIDA y entre otras acciones realiz\u00f3 gratuitamente test r\u00e1pidos, consultas m\u00e9dicas y brind\u00f3 asesoramiento profesional en forma confidencial. Esta actividad abierta a la comunidad y coordinada por la Secretar\u00eda de Salud P\u00fablica, tuvo lugar en la c\u00e9ntrica plaza Mitre. Al respecto, [&hellip;]<\/p>\n","protected":false},"author":1,"featured_media":22168,"comment_status":"closed","ping_status":"closed","sticky":false,"template":"","format":"standard","meta":{"footnotes":""},"categories":[20,22],"tags":[76,80],"class_list":{"0":"post-22167","1":"post","2":"type-post","3":"status-publish","4":"format-standard","5":"has-post-thumbnail","7":"category-municipios","8":"category-san-fernando","9":"tag-juan-andreotti","10":"tag-salud"},"aioseo_notices":[],"_links":{"self":[{"href":"https:\/\/guiadenoticias.com.ar\/diario\/wp-json\/wp\/v2\/posts\/22167","targetHints":{"allow":["GET"]}}],"collection":[{"href":"https:\/\/guiadenoticias.com.ar\/diario\/wp-json\/wp\/v2\/posts"}],"about":[{"href":"https:\/\/guiadenoticias.com.ar\/diario\/wp-json\/wp\/v2\/types\/post"}],"author":[{"embeddable":true,"href":"https:\/\/guiadenoticias.com.ar\/diario\/wp-json\/wp\/v2\/users\/1"}],"replies":[{"embeddable":true,"href":"https:\/\/guiadenoticias.com.ar\/diario\/wp-json\/wp\/v2\/comments?post=22167"}],"version-history":[{"count":1,"href":"https:\/\/guiadenoticias.com.ar\/diario\/wp-json\/wp\/v2\/posts\/22167\/revisions"}],"predecessor-version":[{"id":22170,"href":"https:\/\/guiadenoticias.com.ar\/diario\/wp-json\/wp\/v2\/posts\/22167\/revisions\/22170"}],"wp:featuredmedia":[{"embeddable":true,"href":"https:\/\/guiadenoticias.com.ar\/diario\/wp-json\/wp\/v2\/media\/22168"}],"wp:attachment":[{"href":"https:\/\/guiadenoticias.com.ar\/diario\/wp-json\/wp\/v2\/media?parent=22167"}],"wp:term":[{"taxonomy":"category","embeddable":true,"href":"https:\/\/guiadenoticias.com.ar\/diario\/wp-json\/wp\/v2\/categories?post=22167"},{"taxonomy":"post_tag","embeddable":true,"href":"https:\/\/guiadenoticias.com.ar\/diario\/wp-json\/wp\/v2\/tags?post=22167"}],"curies":[{"name":"wp","href":"https:\/\/api.w.org\/{rel}","templated":true}]}}