{"id":22196,"date":"2023-12-11T11:00:45","date_gmt":"2023-12-11T14:00:45","guid":{"rendered":"https:\/\/guiadenoticias.com.ar\/diario\/?p=22196"},"modified":"2023-12-12T02:17:09","modified_gmt":"2023-12-12T05:17:09","slug":"milei-presidente-vamos-a-avanzar-con-los-cambios-que-el-pais-necesita","status":"publish","type":"post","link":"https:\/\/guiadenoticias.com.ar\/diario\/milei-presidente-vamos-a-avanzar-con-los-cambios-que-el-pais-necesita\/","title":{"rendered":"Milei Presidente: \u201cVamos a avanzar con los cambios que el pa\u00eds necesita\u201d"},"content":{"rendered":"<p>Javier Milei asumi\u00f3 como Presidente este domingo 10 de diciembre. En ese contexto, el l\u00edder de La Libertad Avanza decidi\u00f3 dar su primer discurso como mandatario desde las escalinatas del Congreso hacia las personas que se acercaron hasta el lugar. \u201cHoy comienza una nueva era en Argentina, una era de paz y prosperidad, una era de crecimiento y desarrollo, una era de libertad y progreso\u201d, anunci\u00f3 en su discurso.<\/p>\n<p>Sin embargo, la mayor parte del mensaje no result\u00f3 optimista. Milei se\u00f1al\u00f3 que \u201cning\u00fan gobierno ha recibido una herencia peor que la que recibimos nosotros\u201d. Tom\u00f3 ese momento para hacer un balance del estado del gobierno que dej\u00f3 Alberto Fern\u00e1ndez y adelant\u00f3 algunas de las medidas que realizar\u00e1 en su mandato, como un fuerte ajuste fiscal.<\/p>\n<p>\u201cNo hay alternativa al ajuste y al shock. Impactar\u00e1 de modo negativo sobre la actividad, el empleo, la cantidad de pobres e indigentes. Habr\u00e1 estanflaci\u00f3n, pero no es algo muy distinto a los \u00faltimos 12 a\u00f1os. Este es el \u00faltimo mal trago para comenzar la reconstrucci\u00f3n de la Argentina\u201d, expres\u00f3 el Presidente, en l\u00ednea con sus declaraciones de la previa.<\/p>\n<p>Adem\u00e1s, revel\u00f3 que habr\u00e1 un ajuste fiscal que \u201cser\u00e1 equivalente a 5 por ciento del PBI que caer\u00e1 sobre el sector p\u00fablico\u201d. Se\u00f1al\u00f3 en varias oportunidades que \u201cno hay plata\u201d, por lo que hizo hincapi\u00e9 sobre la importancia de recortar los gastos estatales.<\/p>\n<p>En tanto, insisti\u00f3: \u201cNo hay alternativa posible al ajuste. Tampoco hay lugar a la discusi\u00f3n entre shock y gradualismo. Todos los programas gradualistas terminaron mal, mientras que todos los de shock -menos el de 1959- fueron exitosos. Si un pa\u00eds carece de reputaci\u00f3n, los empresarios no invertir\u00e1n hasta que vean el ajuste fiscal\u201d.<\/p>\n<p>En la media hora de discurso abundaron los n\u00fameros. \u201cEl cepo cambiario, otra herencia de este gobierno, no s\u00f3lo constituye una pesadilla social y productiva, sino que, adem\u00e1s, el sobrante del dinero hoy es el doble del que hab\u00eda en la previa del Rodrigazo. El Rodrigazo multiplic\u00f3 por seis la tasa de inflaci\u00f3n; un evento similar significar\u00eda multiplicar la tasa por 12. Y dado que viene viajando a un ritmo del 300% podr\u00edamos pasar a una tasa anual de 3600%\u201d.<\/p>\n<p>En esa l\u00ednea dram\u00e1tica sigui\u00f3, \u201cdada la situaci\u00f3n de los pasivos del Central, la cual es peor que es la que hab\u00eda en la hiperinflaci\u00f3n, en muy poco tiempo se podr\u00eda cuadruplicar la cantidad de dinero y con eso elevar a la inflaci\u00f3n a niveles de 15.000% anual\u00bb.<\/p>\n<p>Por otro lado, Milei manifest\u00f3 que no tendr\u00e1 tolerancia con los piquetes: \u201cEste nuevo contrato social nos propone un pa\u00eds distinto en el que el Estado no dirija nuestras vidas. El que corta, no cobra\u201d. Asimismo, apunt\u00f3: \u201cAquellos que quieren utilizar la violencia o la extorsi\u00f3n para obstruir el cambio se van a encontrar con un Presidente de convicciones inamovibles que utiliza todos los resortes del Estado para avanzar en los cambios que el pa\u00eds necesita. No vamos a claudicar, no vamos a retroceder, no nos vamos a rendir. Vamos a avanzar con los cambios que el pa\u00eds necesita\u201d.<\/p>\n<p>Hizo menci\u00f3n tambi\u00e9n al deterioro educativo, sanitario y tuvo expresiones vinculadas con la Justicia. El itinerario continu\u00f3 con el mandatario y su hermana, Karina, en un descapotable negro para recorrer los dos kil\u00f3metros que separan al Congreso de la Casa Rosada. All\u00ed tom\u00f3 juramento, en un acto que no fue p\u00fablico, a los miembros de su gabinete. La jornada finaliz\u00f3 con una gala en el Teatro Col\u00f3n.<\/p>\n","protected":false},"excerpt":{"rendered":"<p>Javier Milei asumi\u00f3 como Presidente este domingo 10 de diciembre. En ese contexto, el l\u00edder de La Libertad Avanza decidi\u00f3 dar su primer discurso como mandatario desde las escalinatas del Congreso hacia las personas que se acercaron hasta el lugar. \u201cHoy comienza una nueva era en Argentina, una era de paz y prosperidad, una era [&hellip;]<\/p>\n","protected":false},"author":1,"featured_media":22197,"comment_status":"closed","ping_status":"closed","sticky":false,"template":"","format":"standard","meta":{"footnotes":""},"categories":[30,48],"tags":[186,255,261],"class_list":{"0":"post-22196","1":"post","2":"type-post","3":"status-publish","4":"format-standard","5":"has-post-thumbnail","7":"category-nacion","8":"category-politica-argentina","9":"tag-congreso","10":"tag-javier-milei","11":"tag-la-libertad-avanza"},"aioseo_notices":[],"_links":{"self":[{"href":"https:\/\/guiadenoticias.com.ar\/diario\/wp-json\/wp\/v2\/posts\/22196","targetHints":{"allow":["GET"]}}],"collection":[{"href":"https:\/\/guiadenoticias.com.ar\/diario\/wp-json\/wp\/v2\/posts"}],"about":[{"href":"https:\/\/guiadenoticias.com.ar\/diario\/wp-json\/wp\/v2\/types\/post"}],"author":[{"embeddable":true,"href":"https:\/\/guiadenoticias.com.ar\/diario\/wp-json\/wp\/v2\/users\/1"}],"replies":[{"embeddable":true,"href":"https:\/\/guiadenoticias.com.ar\/diario\/wp-json\/wp\/v2\/comments?post=22196"}],"version-history":[{"count":1,"href":"https:\/\/guiadenoticias.com.ar\/diario\/wp-json\/wp\/v2\/posts\/22196\/revisions"}],"predecessor-version":[{"id":22199,"href":"https:\/\/guiadenoticias.com.ar\/diario\/wp-json\/wp\/v2\/posts\/22196\/revisions\/22199"}],"wp:featuredmedia":[{"embeddable":true,"href":"https:\/\/guiadenoticias.com.ar\/diario\/wp-json\/wp\/v2\/media\/22197"}],"wp:attachment":[{"href":"https:\/\/guiadenoticias.com.ar\/diario\/wp-json\/wp\/v2\/media?parent=22196"}],"wp:term":[{"taxonomy":"category","embeddable":true,"href":"https:\/\/guiadenoticias.com.ar\/diario\/wp-json\/wp\/v2\/categories?post=22196"},{"taxonomy":"post_tag","embeddable":true,"href":"https:\/\/guiadenoticias.com.ar\/diario\/wp-json\/wp\/v2\/tags?post=22196"}],"curies":[{"name":"wp","href":"https:\/\/api.w.org\/{rel}","templated":true}]}}