{"id":22471,"date":"2024-03-07T19:00:21","date_gmt":"2024-03-07T22:00:21","guid":{"rendered":"https:\/\/guiadenoticias.com.ar\/diario\/?p=22471"},"modified":"2024-03-13T02:00:12","modified_gmt":"2024-03-13T05:00:12","slug":"andreotti-visito-las-nuevas-instalaciones-de-la-escuela-501","status":"publish","type":"post","link":"https:\/\/guiadenoticias.com.ar\/diario\/andreotti-visito-las-nuevas-instalaciones-de-la-escuela-501\/","title":{"rendered":"Andreotti visit\u00f3 las nuevas instalaciones de la Escuela 501"},"content":{"rendered":"<p>El intendente de San Fernando, Juan Andreotti, dio apertura a la renovaci\u00f3n integral del edificio de la Escuela de Educaci\u00f3n Especial N\u00b0501. La obra se realiz\u00f3 en el marco del Programa Municipal de Ayuda a Escuelas Provinciales.<\/p>\n<p>El jefe comunal dijo all\u00ed: \u201cEsto es fruto del esfuerzo que hicimos entre todos los vecinos de San Fernando. Mediante nuestro programa municipal para ayudar a las escuelas provinciales, trabajamos para renovar cada uno de nuestros colegios\u201d.<\/p>\n<p>Adem\u00e1s, agreg\u00f3 que \u201cobras como \u00e9sta son imposibles de hacer de manera individual; no es cierto ese pa\u00eds que pretenden imponer del s\u00e1lvese quien pueda\u201d. \u201cTrabajamos para transformar y exigir un Estado que preste servicios de calidad, porque ese pa\u00eds del \u2018s\u00e1lvese quien pueda\u2019 no nos lleva a ning\u00fan lado\u201d, concluy\u00f3 Juan Andreotti.<\/p>\n<p>La directora del establecimiento, Dolores Parker, destac\u00f3, \u201cen esta escuela recibimos ni\u00f1os con discapacidad intelectual y dictamos clase como cualquier otra escuela, siempre teniendo en cuenta las necesidades educativas especiales\u201d.<\/p>\n<p>Cabe recordar que la obra integral de renovaci\u00f3n y puesta en valor abarc\u00f3, entre otros trabajos, alba\u00f1iler\u00eda en muros interiores y exteriores y reparaci\u00f3n de muro perimetral; reemplazos de solado de patio, puertas placas interiores, puerta de entrada con colocaci\u00f3n de vidrios laminados de seguridad en ventanas; renovaci\u00f3n integral de los n\u00facleos sanitarios con nueva instalaci\u00f3n, y mejora de la cocina con reemplazo de mobiliario; reparaci\u00f3n y sellado de cubiertas; pintura de todo el edificio; nueva instalaci\u00f3n el\u00e9ctrica con iluminaci\u00f3n LED, y nuevo mobiliario.<\/p>\n","protected":false},"excerpt":{"rendered":"<p>El intendente de San Fernando, Juan Andreotti, dio apertura a la renovaci\u00f3n integral del edificio de la Escuela de Educaci\u00f3n Especial N\u00b0501. La obra se realiz\u00f3 en el marco del Programa Municipal de Ayuda a Escuelas Provinciales. El jefe comunal dijo all\u00ed: \u201cEsto es fruto del esfuerzo que hicimos entre todos los vecinos de San [&hellip;]<\/p>\n","protected":false},"author":1,"featured_media":22472,"comment_status":"closed","ping_status":"closed","sticky":false,"template":"","format":"standard","meta":{"footnotes":""},"categories":[20,22],"tags":[131,76],"class_list":{"0":"post-22471","1":"post","2":"type-post","3":"status-publish","4":"format-standard","5":"has-post-thumbnail","7":"category-municipios","8":"category-san-fernando","9":"tag-educacion","10":"tag-juan-andreotti"},"aioseo_notices":[],"_links":{"self":[{"href":"https:\/\/guiadenoticias.com.ar\/diario\/wp-json\/wp\/v2\/posts\/22471","targetHints":{"allow":["GET"]}}],"collection":[{"href":"https:\/\/guiadenoticias.com.ar\/diario\/wp-json\/wp\/v2\/posts"}],"about":[{"href":"https:\/\/guiadenoticias.com.ar\/diario\/wp-json\/wp\/v2\/types\/post"}],"author":[{"embeddable":true,"href":"https:\/\/guiadenoticias.com.ar\/diario\/wp-json\/wp\/v2\/users\/1"}],"replies":[{"embeddable":true,"href":"https:\/\/guiadenoticias.com.ar\/diario\/wp-json\/wp\/v2\/comments?post=22471"}],"version-history":[{"count":1,"href":"https:\/\/guiadenoticias.com.ar\/diario\/wp-json\/wp\/v2\/posts\/22471\/revisions"}],"predecessor-version":[{"id":22474,"href":"https:\/\/guiadenoticias.com.ar\/diario\/wp-json\/wp\/v2\/posts\/22471\/revisions\/22474"}],"wp:featuredmedia":[{"embeddable":true,"href":"https:\/\/guiadenoticias.com.ar\/diario\/wp-json\/wp\/v2\/media\/22472"}],"wp:attachment":[{"href":"https:\/\/guiadenoticias.com.ar\/diario\/wp-json\/wp\/v2\/media?parent=22471"}],"wp:term":[{"taxonomy":"category","embeddable":true,"href":"https:\/\/guiadenoticias.com.ar\/diario\/wp-json\/wp\/v2\/categories?post=22471"},{"taxonomy":"post_tag","embeddable":true,"href":"https:\/\/guiadenoticias.com.ar\/diario\/wp-json\/wp\/v2\/tags?post=22471"}],"curies":[{"name":"wp","href":"https:\/\/api.w.org\/{rel}","templated":true}]}}