{"id":2248,"date":"2016-05-17T21:03:02","date_gmt":"2016-05-18T00:03:02","guid":{"rendered":"http:\/\/guiadenoticias.com.ar\/diario\/?p=2248"},"modified":"2016-05-17T21:07:53","modified_gmt":"2016-05-18T00:07:53","slug":"padre-pepe-que-el-estado-se-ponga-las-pilas","status":"publish","type":"post","link":"https:\/\/guiadenoticias.com.ar\/diario\/padre-pepe-que-el-estado-se-ponga-las-pilas\/","title":{"rendered":"Padre Pepe: \u201cQue el Estado se ponga las pilas\u201d"},"content":{"rendered":"<p>El sacerdote Jos\u00e9 di Paola, popularmente conocido como Padre Pepe, se convirti\u00f3 en la \u00faltima d\u00e9cada en uno de los referentes de los curas en opci\u00f3n por los pobres. \u201cCuras villeros\u201d, se denominan con orgullo. \u201cEsa es mi pasi\u00f3n\u201d, admiti\u00f3 en di\u00e1logo con Gu\u00eda de Noticias.<\/p>\n<p>Hace tres a\u00f1os se instal\u00f3 en Jos\u00e9 Le\u00f3n Su\u00e1rez para atender las necesidades de los sectores m\u00e1s postergados con 9 capillas, una casa de contenci\u00f3n para adictos y misiones en las calles. A partir de su vasta experiencia no duda en pedir que \u201cel Estado se ponga las pilas, porque son m\u00e1s de 40 a\u00f1os de no trabajar como corresponde\u201d.<\/p>\n<p>\u201cPerd\u00f3n por la tardanza, tuve que acompa\u00f1ar a una familia en un velorio\u201d, se disculp\u00f3 al llegar a la entrevista. Bajo el puente de la Avenida M\u00e1rquez, junto a la imagen de la Virgen de Luj\u00e1n, Pepe salud\u00f3 y bendijo a los vecinos que lo reconoc\u00edan al cruzar las v\u00edas de la estaci\u00f3n del Mitre. A su lado, una docena de hombres adultos con pecheras que rezaban \u201csirva Cristo\u201d hac\u00edan \u201cla misi\u00f3n\u201d repartiendo folletos.<\/p>\n<p>Con flamantes 54 a\u00f1os y el look de un Jes\u00fas del Conurbano, el Padre Pepe trabaja con la convicci\u00f3n que \u201ctenemos que ser apasionados del lugar d\u00f3nde estamos y la \u00e9poca en que nos toca vivir\u201d. Mir\u00e1ndose en el ejemplo de Carlos M\u00fagica, asesinado en mayo de 1974, sostiene que \u201cel fue nuestro referente por su pasi\u00f3n por la Iglesia y por el momento que le toc\u00f3 vivir, y porque no separ\u00f3 las dos cosas\u201d.<\/p>\n<p>\u201cLa Iglesia es la calle tambi\u00e9n, es el templo, la misa, son los chicos que se est\u00e1n recuperando\u201d, remarc\u00f3. En medio de la crisis econ\u00f3mica, un centenar de ni\u00f1os almuerzan en un comedor que instal\u00f3 en un potrero de La Carcova. Aunque no da abasto, no falta el pan sobre la mesa.<\/p>\n<p>Tambi\u00e9n trabaja para sacar a los pibes de las drogas y especialmente del paco. \u201cTenemos las 9 capillas distribuidas en las villas de Su\u00e1rez en la Cuenca Reconquista. Son La C\u00e1rcova, Curita, 13 de Julio y Barrio Independencia, que funcionan como centro preventivo\u201d. Mientras en el \u201cHogar de Cristo\u201d, abierto el a\u00f1o pasado, se desarrolla un proyecto de recuperaci\u00f3n. \u201cCuando los chicos sienten la necesidad les decimos que vayan directamente\u00a0 a almorzar ah\u00ed y que se queden a participar de los grupos de autoayuda\u201d, explic\u00f3 Di Paola, aunque algunos de ellos se deben internar para desintoxicarse. El \u201cHogar de Cristo\u201d se encuentra en la calle Esmeralda, a metros de la estaci\u00f3n de Su\u00e1rez, un punto de acceso com\u00fan para los chicos de todas las zonas.<\/p>\n<p>\u00bfC\u00f3mo se detiene el avance de la droga en los barrios? Su respuesta: \u201cCon trabajo serio desde el Estado para vencer al narcotr\u00e1fico. Y la sociedad civil, con la prevenci\u00f3n y recuperaci\u00f3n\u201d.<\/p>\n<p>En este sentido, Di Paola es hombre sin miedo a los desaf\u00edos. \u201cAl saber que las villas de aqu\u00ed son grandes, con pocos curas y mucha necesidad, decid\u00ed venirme\u201d, record\u00f3. Y tres a\u00f1os antes tampoco temi\u00f3 a las amenazas de muerte de los narcotraficantes de la Villa 21 de Barracas, tras la difusi\u00f3n de un documento contra el paco. \u201cA pesar de las amenazas me qued\u00e9 pero como molestaban a la gente que trabajaba conmigo me fui a Santiago del Estero\u201d. All\u00ed, en el monte profundo, \u201caprend\u00ed de una realidad diferente\u201d.<\/p>\n<p>No cree en el aporte a la soluci\u00f3n del problema con la despenalizaci\u00f3n del consumo de drogas. \u201cNo estamos en condiciones de hacerlo. Esto se habla desde el imaginario de clase media, de chicos que van a la facultad, a la escuela y tienen elementos de contenci\u00f3n\u201d, argument\u00f3. \u201cAl trabajar con las poblaciones m\u00e1s vulnerables sabemos que no es el camino, porque hoy tienen menos posibilidades de expresarse\u201d.<\/p>\n<p>Como referente social, Di Paola se encontr\u00f3 muchas veces involucrado en campa\u00f1as pol\u00edticas, aunque sus colaboradores aclaran que no tiene ninguna preferencia ni se mete en discusiones ideol\u00f3gicas. Tras un 2015 lleno de fotos junto a candidatos, Pepe reafirm\u00f3, \u201cmi capilla siempre estuvo abierta para todos, al peronista y al que no, al macrista y al que no\u201d con el objetivo que \u201cescuchen nuestra experiencia de la realidad que hay dentro de las villas y esto tenga alg\u00fan efecto en ellos \u201c.<\/p>\n","protected":false},"excerpt":{"rendered":"<p>El sacerdote Jos\u00e9 di Paola, popularmente conocido como Padre Pepe, se convirti\u00f3 en la \u00faltima d\u00e9cada en uno de los referentes de los curas en opci\u00f3n por los pobres. \u201cCuras villeros\u201d, se denominan con orgullo. \u201cEsa es mi pasi\u00f3n\u201d, admiti\u00f3 en di\u00e1logo con Gu\u00eda de Noticias. Hace tres a\u00f1os se instal\u00f3 en Jos\u00e9 Le\u00f3n Su\u00e1rez [&hellip;]<\/p>\n","protected":false},"author":1,"featured_media":2249,"comment_status":"closed","ping_status":"open","sticky":false,"template":"","format":"standard","meta":{"footnotes":""},"categories":[19,20,24],"tags":[],"class_list":{"0":"post-2248","1":"post","2":"type-post","3":"status-publish","4":"format-standard","5":"has-post-thumbnail","7":"category-informacion-general","8":"category-municipios","9":"category-san-martin"},"aioseo_notices":[],"_links":{"self":[{"href":"https:\/\/guiadenoticias.com.ar\/diario\/wp-json\/wp\/v2\/posts\/2248","targetHints":{"allow":["GET"]}}],"collection":[{"href":"https:\/\/guiadenoticias.com.ar\/diario\/wp-json\/wp\/v2\/posts"}],"about":[{"href":"https:\/\/guiadenoticias.com.ar\/diario\/wp-json\/wp\/v2\/types\/post"}],"author":[{"embeddable":true,"href":"https:\/\/guiadenoticias.com.ar\/diario\/wp-json\/wp\/v2\/users\/1"}],"replies":[{"embeddable":true,"href":"https:\/\/guiadenoticias.com.ar\/diario\/wp-json\/wp\/v2\/comments?post=2248"}],"version-history":[{"count":2,"href":"https:\/\/guiadenoticias.com.ar\/diario\/wp-json\/wp\/v2\/posts\/2248\/revisions"}],"predecessor-version":[{"id":2251,"href":"https:\/\/guiadenoticias.com.ar\/diario\/wp-json\/wp\/v2\/posts\/2248\/revisions\/2251"}],"wp:featuredmedia":[{"embeddable":true,"href":"https:\/\/guiadenoticias.com.ar\/diario\/wp-json\/wp\/v2\/media\/2249"}],"wp:attachment":[{"href":"https:\/\/guiadenoticias.com.ar\/diario\/wp-json\/wp\/v2\/media?parent=2248"}],"wp:term":[{"taxonomy":"category","embeddable":true,"href":"https:\/\/guiadenoticias.com.ar\/diario\/wp-json\/wp\/v2\/categories?post=2248"},{"taxonomy":"post_tag","embeddable":true,"href":"https:\/\/guiadenoticias.com.ar\/diario\/wp-json\/wp\/v2\/tags?post=2248"}],"curies":[{"name":"wp","href":"https:\/\/api.w.org\/{rel}","templated":true}]}}