{"id":22512,"date":"2024-03-08T21:00:33","date_gmt":"2024-03-09T00:00:33","guid":{"rendered":"https:\/\/guiadenoticias.com.ar\/diario\/?p=22512"},"modified":"2024-03-21T03:32:59","modified_gmt":"2024-03-21T06:32:59","slug":"pablo-descalzo-presento-su-agenda-2024-en-el-concejo","status":"publish","type":"post","link":"https:\/\/guiadenoticias.com.ar\/diario\/pablo-descalzo-presento-su-agenda-2024-en-el-concejo\/","title":{"rendered":"Pablo Descalzo present\u00f3 en el Concejo su agenda 2024"},"content":{"rendered":"<p>El intendente Pablo Descalzo inaugur\u00f3 las sesiones ordinarias 2024, junto con la vicepresidenta 1\u00b0 del Concejo Deliberante, Agustina de la Iglesia &#8211; el presidente, Pablo Piana, tuvo un inconveniente de salud -, y la secretaria de ese cuerpo deliberativo, Melina Dar\u00edas, en el Colegio Esclavas del Sagrado Coraz\u00f3n de Jes\u00fas.<\/p>\n<p>Durante su primer mensaje como el jefe comunal retom\u00f3 la idea de la Agenda 2030 sobre el Desarrollo Sostenible, aprobada en 2015 por la Organizaci\u00f3n de las Naciones Unidas: \u201cEsta agenda impulsa a las ciudades a pensar en objetivos que mejoren la vida de todas las personas, promoviendo el crecimiento econ\u00f3mico con inclusi\u00f3n, la educaci\u00f3n, la sanidad, las perspectivas de empleo y la protecci\u00f3n del ambiente.\u201d<\/p>\n<p>En materia de obras p\u00fablicas convoc\u00f3 a los concejales y concejalas a acompa\u00f1arlo en su pedido al gobierno nacional para concluir obras que integran la agenda de infraestructura con fondos nacionales. En ese sentido, destac\u00f3 dar continuidad a las obras de cloacas y agua; avanzar con la ampliaci\u00f3n de la Escuela Secundaria N\u00ba9, construir el Jard\u00edn Maternal Caracol Col Col y hacer realidad la nueva sede del Centro Regional Universitario para ampliar la oferta educativa.<\/p>\n<p>A la vez, Pablo Descalzo ponder\u00f3 la relaci\u00f3n con Provincia. \u201cNos reunimos con el ministro de Infraestructura y Servicios P\u00fablicos, Gabriel Katopodis, para avanzar con la puesta en valor del Centro de Atenci\u00f3n Primaria de la Salud 17 de Octubre\u201d. Tambi\u00e9n mencion\u00f3 que en la segunda parte del a\u00f1o inaugurar\u00e1n la Escuela Secundaria N\u00ba8; y que, en abril, estar\u00e1 listo el Mercado Fijo.<\/p>\n<p>Inform\u00f3 que pondr\u00e1 en marcha el Plan Estrat\u00e9gico Bosque Urbano 2030, a trav\u00e9s del cual se plantar\u00e1n 24 mil \u00e1rboles para transformar las calles en corredores biol\u00f3gicos que unir\u00e1n parques, plazas y espacios verdes aptos para la recreaci\u00f3n y pr\u00e1cticas deportivas.<\/p>\n<p>Sobre el eje de Desarrollo Humano, adelant\u00f3 que a lo largo del 2024 se profundizar\u00e1 el trabajo del Plan M\u00e1s Vida y de aquellos programas centrados en la entrega de alimentos. Adem\u00e1s, la Comuna trabajar\u00e1 junto a los comedores y merenderos, las unidades de desarrollo infantil, y las cocinas comunitarias.<\/p>\n<p>Respecto a seguridad ciudadana, el intendente anunci\u00f3 el lanzamiento de Seguridad MI, una aplicaci\u00f3n celular para hacer frente a hechos de inseguridad o emergencias. Esta herramienta integrar\u00e1 el Anillo Digital, un sistema de prevenci\u00f3n y monitoreo con el que ya cuenta el municipio.<\/p>\n","protected":false},"excerpt":{"rendered":"<p>El intendente Pablo Descalzo inaugur\u00f3 las sesiones ordinarias 2024, junto con la vicepresidenta 1\u00b0 del Concejo Deliberante, Agustina de la Iglesia &#8211; el presidente, Pablo Piana, tuvo un inconveniente de salud -, y la secretaria de ese cuerpo deliberativo, Melina Dar\u00edas, en el Colegio Esclavas del Sagrado Coraz\u00f3n de Jes\u00fas. Durante su primer mensaje como [&hellip;]<\/p>\n","protected":false},"author":1,"featured_media":22513,"comment_status":"closed","ping_status":"closed","sticky":false,"template":"","format":"standard","meta":{"footnotes":""},"categories":[29,20,48],"tags":[139,242],"class_list":{"0":"post-22512","1":"post","2":"type-post","3":"status-publish","4":"format-standard","5":"has-post-thumbnail","7":"category-ituzaingo","8":"category-municipios","9":"category-politica-argentina","10":"tag-concejo-deliberante","11":"tag-pablo-descalzo"},"aioseo_notices":[],"_links":{"self":[{"href":"https:\/\/guiadenoticias.com.ar\/diario\/wp-json\/wp\/v2\/posts\/22512","targetHints":{"allow":["GET"]}}],"collection":[{"href":"https:\/\/guiadenoticias.com.ar\/diario\/wp-json\/wp\/v2\/posts"}],"about":[{"href":"https:\/\/guiadenoticias.com.ar\/diario\/wp-json\/wp\/v2\/types\/post"}],"author":[{"embeddable":true,"href":"https:\/\/guiadenoticias.com.ar\/diario\/wp-json\/wp\/v2\/users\/1"}],"replies":[{"embeddable":true,"href":"https:\/\/guiadenoticias.com.ar\/diario\/wp-json\/wp\/v2\/comments?post=22512"}],"version-history":[{"count":2,"href":"https:\/\/guiadenoticias.com.ar\/diario\/wp-json\/wp\/v2\/posts\/22512\/revisions"}],"predecessor-version":[{"id":22518,"href":"https:\/\/guiadenoticias.com.ar\/diario\/wp-json\/wp\/v2\/posts\/22512\/revisions\/22518"}],"wp:featuredmedia":[{"embeddable":true,"href":"https:\/\/guiadenoticias.com.ar\/diario\/wp-json\/wp\/v2\/media\/22513"}],"wp:attachment":[{"href":"https:\/\/guiadenoticias.com.ar\/diario\/wp-json\/wp\/v2\/media?parent=22512"}],"wp:term":[{"taxonomy":"category","embeddable":true,"href":"https:\/\/guiadenoticias.com.ar\/diario\/wp-json\/wp\/v2\/categories?post=22512"},{"taxonomy":"post_tag","embeddable":true,"href":"https:\/\/guiadenoticias.com.ar\/diario\/wp-json\/wp\/v2\/tags?post=22512"}],"curies":[{"name":"wp","href":"https:\/\/api.w.org\/{rel}","templated":true}]}}