{"id":2252,"date":"2016-05-18T01:53:54","date_gmt":"2016-05-18T04:53:54","guid":{"rendered":"http:\/\/guiadenoticias.com.ar\/diario\/?p=2252"},"modified":"2016-05-18T01:54:30","modified_gmt":"2016-05-18T04:54:30","slug":"acuna-y-rucci-apoyan-una-ley-antidespidos","status":"publish","type":"post","link":"https:\/\/guiadenoticias.com.ar\/diario\/acuna-y-rucci-apoyan-una-ley-antidespidos\/","title":{"rendered":"Acu\u00f1a y Rucci apoyan una ley antidespidos"},"content":{"rendered":"<p>Los concejales Carlos Acu\u00f1a y An\u00edbal Rucci, compa\u00f1eros de la bancada massista de <strong>Ituzaing\u00f3<\/strong> son, adem\u00e1s, dos dirigentes provenientes del mundo gremial. Consultados por el proyecto de la ley antidespidos, no dudaron en mostrar su acuerdo con las medidas que tiendan a la conservaci\u00f3n del trabajo.<\/p>\n<p>El presidente del bloque del Frente Renovador se\u00f1al\u00f3, \u201cno hay que tenerle miedo a la sanci\u00f3n de esta ley porque es una experiencia que ya vivimos\u201d, y sostuvo que \u201cser\u00eda importante darle al trabajador la herramienta de la doble indemnizaci\u00f3n\u201d. Aunque aclar\u00f3 que, como contrapartida, a las Pymes deber\u00edan recibir beneficios en cuanto a las cargas impositivas. Y consider\u00f3 que ser\u00eda un \u201cerror grande del Gobierno\u201d vetarla.<\/p>\n<p>Por su parte, el hijo del l\u00edder de la CGT opin\u00f3 que \u201chay que frenar los despidos\u201d, exacerbados por\u00a0 el \u201coportunismo del empresariado\u201d. \u201cEl Congreso tienen que darle un freno a esto\u201d, concluy\u00f3.<\/p>\n<p>Por otro lado, los ediles del FR no zanjaron todav\u00eda las diferencias surgidas con Cambiemos en la votaci\u00f3n de la Rendici\u00f3n de Cuentas, en especial con sus antiguos compa\u00f1eros de bloque Julio D\u00edaz y Carolina L\u00f3pez.<\/p>\n<p>Rucci ratific\u00f3 el argumento del voto afirmativo en general, pero insisti\u00f3, \u201chay que dejar en claro que no acompa\u00f1amos el art\u00edculo 2 y 3, donde figura el endeudamiento de 2014 y 2015\u201d.<\/p>\n<p>\u201cNosotros hacemos pol\u00edtica, no buscamos alianzas de conveniencias personales. Hay que dejar gobernar\u201d, dispar\u00f3, y subi\u00f3 la apuesta: \u201cVotar con el descalcismo fue apoyar a su hijo, Pablo, para que sea el presidente del Cuerpo\u201d.<\/p>\n<p>No ocult\u00f3 su disgusto con el matrimonio. \u201cNo tendr\u00edan que nombrar a Sergio Massa porque no est\u00e1n m\u00e1s en el FR\u201d, mencion\u00f3, incluso agreg\u00f3, \u201ctendr\u00edan que poner las dos bancas al servicio del Frente. Les aconsejar\u00eda que hablen de su espacio, y estar\u00eda bueno saber cu\u00e1l es su espacio\u201d.<\/p>\n<p><strong>TASA VIAL<\/strong><\/p>\n<p>Carlos Acu\u00f1a es tambi\u00e9n el responsable en zona oeste de SOESGyPE, gremio que nuclea a los trabajadores de estaciones de servicio. Consultado por la sesi\u00f3n reciente en la cual aprobaron la participaci\u00f3n de los empleados en el cobro de la Tasa.<\/p>\n<p>\u201cHicimos una Ordenanza para que se le d\u00e9 el reconocimiento a quien hace el trabajo de recaudar el dinero y de resguardarlo\u201d, precis\u00f3. Se trata del 10 por ciento del total que va al sueldo del trabajador, 2\u00a0 por ciento para cargas sociales y el resto para el municipio<\/p>\n<p>Destac\u00f3 que es el primer caso, por lo tanto lo que har\u00e1 el sindicato a partir de ahora es trasladar la Ordenanza a cada municipio en donde existe este tributo.<\/p>\n","protected":false},"excerpt":{"rendered":"<p>Los concejales Carlos Acu\u00f1a y An\u00edbal Rucci, compa\u00f1eros de la bancada massista de Ituzaing\u00f3 son, adem\u00e1s, dos dirigentes provenientes del mundo gremial. Consultados por el proyecto de la ley antidespidos, no dudaron en mostrar su acuerdo con las medidas que tiendan a la conservaci\u00f3n del trabajo. El presidente del bloque del Frente Renovador se\u00f1al\u00f3, \u201cno [&hellip;]<\/p>\n","protected":false},"author":1,"featured_media":2253,"comment_status":"closed","ping_status":"open","sticky":false,"template":"","format":"standard","meta":{"footnotes":""},"categories":[49,29,20,48],"tags":[],"class_list":{"0":"post-2252","1":"post","2":"type-post","3":"status-publish","4":"format-standard","5":"has-post-thumbnail","7":"category-economia-y-gremiales","8":"category-ituzaingo","9":"category-municipios","10":"category-politica-argentina"},"aioseo_notices":[],"_links":{"self":[{"href":"https:\/\/guiadenoticias.com.ar\/diario\/wp-json\/wp\/v2\/posts\/2252","targetHints":{"allow":["GET"]}}],"collection":[{"href":"https:\/\/guiadenoticias.com.ar\/diario\/wp-json\/wp\/v2\/posts"}],"about":[{"href":"https:\/\/guiadenoticias.com.ar\/diario\/wp-json\/wp\/v2\/types\/post"}],"author":[{"embeddable":true,"href":"https:\/\/guiadenoticias.com.ar\/diario\/wp-json\/wp\/v2\/users\/1"}],"replies":[{"embeddable":true,"href":"https:\/\/guiadenoticias.com.ar\/diario\/wp-json\/wp\/v2\/comments?post=2252"}],"version-history":[{"count":1,"href":"https:\/\/guiadenoticias.com.ar\/diario\/wp-json\/wp\/v2\/posts\/2252\/revisions"}],"predecessor-version":[{"id":2254,"href":"https:\/\/guiadenoticias.com.ar\/diario\/wp-json\/wp\/v2\/posts\/2252\/revisions\/2254"}],"wp:featuredmedia":[{"embeddable":true,"href":"https:\/\/guiadenoticias.com.ar\/diario\/wp-json\/wp\/v2\/media\/2253"}],"wp:attachment":[{"href":"https:\/\/guiadenoticias.com.ar\/diario\/wp-json\/wp\/v2\/media?parent=2252"}],"wp:term":[{"taxonomy":"category","embeddable":true,"href":"https:\/\/guiadenoticias.com.ar\/diario\/wp-json\/wp\/v2\/categories?post=2252"},{"taxonomy":"post_tag","embeddable":true,"href":"https:\/\/guiadenoticias.com.ar\/diario\/wp-json\/wp\/v2\/tags?post=2252"}],"curies":[{"name":"wp","href":"https:\/\/api.w.org\/{rel}","templated":true}]}}