{"id":22550,"date":"2024-03-30T12:00:44","date_gmt":"2024-03-30T15:00:44","guid":{"rendered":"https:\/\/guiadenoticias.com.ar\/diario\/?p=22550"},"modified":"2024-04-09T23:22:54","modified_gmt":"2024-04-10T02:22:54","slug":"detuvieron-al-hombre-que-atropello-a-mario-revel","status":"publish","type":"post","link":"https:\/\/guiadenoticias.com.ar\/diario\/detuvieron-al-hombre-que-atropello-a-mario-revel\/","title":{"rendered":"Detuvieron al hombre que atropell\u00f3 a Mario Revel"},"content":{"rendered":"<p>Detuvieron al motociclista que atropell\u00f3 a Mario Revel, funcionario de Ituzaing\u00f3, y descubrieron que es funcionario judicial. Tras un seguimiento hecho por c\u00e1maras de seguridad y la informaci\u00f3n aportada por el concesionario Honda, los investigadores determinaron el domicilio del cual hab\u00eda salido el acusado, en Merlo.<\/p>\n<p>Efectivamente, las im\u00e1genes muestran c\u00f3mo lo embisti\u00f3 y dej\u00f3 abandonado al pastor, que cruzaba la avenida Rivadavia por la senda peatonal. La v\u00edctima, que sufri\u00f3 fractura de cr\u00e1neo, permanece internada en estado delicado, en el Hospital del Bicentenario.<\/p>\n<p>Como difundi\u00f3 el portal Primer Plano Online, tras un exhaustivo trabajo realizado por personal policial detuvieron en Merlo al motociclista que atropell\u00f3 al pastor Mario Revel, director de Culto.<\/p>\n<p>En un video se ve que pas\u00f3 y al responsable, quien se fug\u00f3 y en ning\u00fan momento prest\u00f3 colaboraci\u00f3n con la v\u00edctima. Para agregar esc\u00e1ndalo al caso, se trata de un empleado judicial del Departamento Judicial La Matanza.<\/p>\n<p>La fiscal Mar\u00eda Alejandra Bonini solicit\u00f3 al Juzgado de Garant\u00edas N\u00ba 6 la realizaci\u00f3n de un allanamiento en la vivienda del sospechoso, que arroj\u00f3 resultados positivos. El hombre trabaja como auxiliar primero del Tribunal de Familia N\u00ba 3 de La Matanza, a cargo de la jueza Lidia Beatriz Testa, quien qued\u00f3 imputado en una causa por lesiones graves culposas agravadas por la omisi\u00f3n de auxilio.<\/p>\n","protected":false},"excerpt":{"rendered":"<p>Detuvieron al motociclista que atropell\u00f3 a Mario Revel, funcionario de Ituzaing\u00f3, y descubrieron que es funcionario judicial. Tras un seguimiento hecho por c\u00e1maras de seguridad y la informaci\u00f3n aportada por el concesionario Honda, los investigadores determinaron el domicilio del cual hab\u00eda salido el acusado, en Merlo. Efectivamente, las im\u00e1genes muestran c\u00f3mo lo embisti\u00f3 y dej\u00f3 [&hellip;]<\/p>\n","protected":false},"author":1,"featured_media":22551,"comment_status":"closed","ping_status":"closed","sticky":false,"template":"","format":"standard","meta":{"footnotes":""},"categories":[29,70,20],"tags":[],"class_list":{"0":"post-22550","1":"post","2":"type-post","3":"status-publish","4":"format-standard","5":"has-post-thumbnail","7":"category-ituzaingo","8":"category-las-mas-leidas","9":"category-municipios"},"aioseo_notices":[],"_links":{"self":[{"href":"https:\/\/guiadenoticias.com.ar\/diario\/wp-json\/wp\/v2\/posts\/22550","targetHints":{"allow":["GET"]}}],"collection":[{"href":"https:\/\/guiadenoticias.com.ar\/diario\/wp-json\/wp\/v2\/posts"}],"about":[{"href":"https:\/\/guiadenoticias.com.ar\/diario\/wp-json\/wp\/v2\/types\/post"}],"author":[{"embeddable":true,"href":"https:\/\/guiadenoticias.com.ar\/diario\/wp-json\/wp\/v2\/users\/1"}],"replies":[{"embeddable":true,"href":"https:\/\/guiadenoticias.com.ar\/diario\/wp-json\/wp\/v2\/comments?post=22550"}],"version-history":[{"count":1,"href":"https:\/\/guiadenoticias.com.ar\/diario\/wp-json\/wp\/v2\/posts\/22550\/revisions"}],"predecessor-version":[{"id":22553,"href":"https:\/\/guiadenoticias.com.ar\/diario\/wp-json\/wp\/v2\/posts\/22550\/revisions\/22553"}],"wp:featuredmedia":[{"embeddable":true,"href":"https:\/\/guiadenoticias.com.ar\/diario\/wp-json\/wp\/v2\/media\/22551"}],"wp:attachment":[{"href":"https:\/\/guiadenoticias.com.ar\/diario\/wp-json\/wp\/v2\/media?parent=22550"}],"wp:term":[{"taxonomy":"category","embeddable":true,"href":"https:\/\/guiadenoticias.com.ar\/diario\/wp-json\/wp\/v2\/categories?post=22550"},{"taxonomy":"post_tag","embeddable":true,"href":"https:\/\/guiadenoticias.com.ar\/diario\/wp-json\/wp\/v2\/tags?post=22550"}],"curies":[{"name":"wp","href":"https:\/\/api.w.org\/{rel}","templated":true}]}}