{"id":22603,"date":"2024-04-04T21:00:15","date_gmt":"2024-04-05T00:00:15","guid":{"rendered":"https:\/\/guiadenoticias.com.ar\/diario\/?p=22603"},"modified":"2024-04-15T02:23:12","modified_gmt":"2024-04-15T05:23:12","slug":"valenzuela-rechaza-cobrar-mas-tasas-municipales","status":"publish","type":"post","link":"https:\/\/guiadenoticias.com.ar\/diario\/valenzuela-rechaza-cobrar-mas-tasas-municipales\/","title":{"rendered":"Valenzuela rechaza cobrar m\u00e1s tasas municipales"},"content":{"rendered":"<p>El intendente de Tres de Febrero, Diego Valenzuela, anunci\u00f3 su decisi\u00f3n de no cobrar la Tasa Vial, un gravamen que muchos municipios del Conurbano utilizan para aumentar su recaudaci\u00f3n.<\/p>\n<p>\u201cNo lo comparto por varias razones, Capital Federal no la cobra y eso nos quita clientes por estar cerca. Adem\u00e1s, es una doble imposici\u00f3n porque del combustible ya recibimos coparticipaci\u00f3n\u201d, se\u00f1al\u00f3 el jefe comunal en sus redes sociales. Y agreg\u00f3: \u201cSi cobramos este impuesto, las estaciones de servicio lo trasladan directamente al precio de surtidor y al bolsillo de las familias o a quienes usan el veh\u00edculo para trabajar\u201d.<\/p>\n<p>En ese sentido, invit\u00f3 a cargar nafta en el distrito. \u201cSeguiremos por este camino como lo hicimos con las habilitaciones gratuitas y no pondremos otra tasa porque ya cobramos la de Servicios Generales\u201d, asegur\u00f3.<\/p>\n<p>Valenzuela lleva adelante pol\u00edticas de alivio fiscal. En agosto de 2022 promovi\u00f3 una Ordenanza que dictamin\u00f3 la baja de casi 500 tasas y conceptos fiscales, habilitaciones gratuitas para todo tipo de comercio e industria, la bonificaci\u00f3n por un a\u00f1o de la Tasa de Seguridad e Higiene y la entrega de cr\u00e9ditos fiscales para empresas de Tres de Febrero.<\/p>\n<p>Adem\u00e1s, en 2023, el municipio resign\u00f3 500 millones de pesos en pos de incentivar la creaci\u00f3n de puestos laborales que permitan mejorar la calidad productiva y laboral.<\/p>\n","protected":false},"excerpt":{"rendered":"<p>El intendente de Tres de Febrero, Diego Valenzuela, anunci\u00f3 su decisi\u00f3n de no cobrar la Tasa Vial, un gravamen que muchos municipios del Conurbano utilizan para aumentar su recaudaci\u00f3n. \u201cNo lo comparto por varias razones, Capital Federal no la cobra y eso nos quita clientes por estar cerca. Adem\u00e1s, es una doble imposici\u00f3n porque del [&hellip;]<\/p>\n","protected":false},"author":1,"featured_media":22621,"comment_status":"closed","ping_status":"closed","sticky":false,"template":"","format":"standard","meta":{"footnotes":""},"categories":[49,20,26],"tags":[72,161],"class_list":{"0":"post-22603","1":"post","2":"type-post","3":"status-publish","4":"format-standard","5":"has-post-thumbnail","7":"category-economia-y-gremiales","8":"category-municipios","9":"category-tres-de-febrero","10":"tag-diego-valenzuela","11":"tag-presupuesto"},"aioseo_notices":[],"_links":{"self":[{"href":"https:\/\/guiadenoticias.com.ar\/diario\/wp-json\/wp\/v2\/posts\/22603","targetHints":{"allow":["GET"]}}],"collection":[{"href":"https:\/\/guiadenoticias.com.ar\/diario\/wp-json\/wp\/v2\/posts"}],"about":[{"href":"https:\/\/guiadenoticias.com.ar\/diario\/wp-json\/wp\/v2\/types\/post"}],"author":[{"embeddable":true,"href":"https:\/\/guiadenoticias.com.ar\/diario\/wp-json\/wp\/v2\/users\/1"}],"replies":[{"embeddable":true,"href":"https:\/\/guiadenoticias.com.ar\/diario\/wp-json\/wp\/v2\/comments?post=22603"}],"version-history":[{"count":1,"href":"https:\/\/guiadenoticias.com.ar\/diario\/wp-json\/wp\/v2\/posts\/22603\/revisions"}],"predecessor-version":[{"id":22606,"href":"https:\/\/guiadenoticias.com.ar\/diario\/wp-json\/wp\/v2\/posts\/22603\/revisions\/22606"}],"wp:featuredmedia":[{"embeddable":true,"href":"https:\/\/guiadenoticias.com.ar\/diario\/wp-json\/wp\/v2\/media\/22621"}],"wp:attachment":[{"href":"https:\/\/guiadenoticias.com.ar\/diario\/wp-json\/wp\/v2\/media?parent=22603"}],"wp:term":[{"taxonomy":"category","embeddable":true,"href":"https:\/\/guiadenoticias.com.ar\/diario\/wp-json\/wp\/v2\/categories?post=22603"},{"taxonomy":"post_tag","embeddable":true,"href":"https:\/\/guiadenoticias.com.ar\/diario\/wp-json\/wp\/v2\/tags?post=22603"}],"curies":[{"name":"wp","href":"https:\/\/api.w.org\/{rel}","templated":true}]}}