{"id":22652,"date":"2024-04-22T12:00:44","date_gmt":"2024-04-22T15:00:44","guid":{"rendered":"https:\/\/guiadenoticias.com.ar\/diario\/?p=22652"},"modified":"2024-04-30T03:21:39","modified_gmt":"2024-04-30T06:21:39","slug":"sergio-unac-visito-el-sindicato-de-municipales-de-vl","status":"publish","type":"post","link":"https:\/\/guiadenoticias.com.ar\/diario\/sergio-unac-visito-el-sindicato-de-municipales-de-vl\/","title":{"rendered":"Sergio U\u00f1ac visit\u00f3 el Sindicato de Municipales de VL"},"content":{"rendered":"<p>El ex gobernador de San Juan y actual senador nacional, Sergio U\u00f1ac, luego de una reuni\u00f3n pol\u00edtica distrital de su espacio visit\u00f3 la sede del Sindicato de Trabajadores Municipales de Vicente L\u00f3pez acompa\u00f1ado por una comitiva compuesta por dirigentes de la primera, tercera y octava secci\u00f3n electoral.<\/p>\n<p>Estuvieron Alan Avaca (Vicente L\u00f3pez), Germ\u00e1n Pavone (San Mart\u00edn); Oscar Ensinck, director nacional de ACEP, Leonardo Grosso del Movimiento Evita y ex diputado nacional, Juan Amondarain, ex legislador y ex director del IPS y Banco Provincia; Juan Gambetta, secretario de Municipales de Marcos Paz, y Cristian Pierdominici del sindicato del Pami (UTI), entre otros.<\/p>\n<p>La comitiva fue recibida por el secretario general del STMVL, Victorio Pirillo, quien destac\u00f3 que el sindicato se caracteriza por brindar el espacio a referentes de la pol\u00edtica nacional, provincial y municipal, como as\u00ed tambi\u00e9n dirigentes sindicales y del \u00e1mbito empresarial.<\/p>\n<p>En dicha reuni\u00f3n abordaron temas de actualidad, como cambios en las leyes laborales, presupuesto y, principalmente, la Ley de Bases. Y analizaron la amplia participaci\u00f3n en la marcha universitaria a favor de la educaci\u00f3n p\u00fablica. Tambi\u00e9n, en la reuni\u00f3n hablaron sobre el impacto de las medidas econ\u00f3micas en las Pymes y en el sector del trabajo.<\/p>\n<p>Pocos d\u00edas atr\u00e1s, el gremio fue visitado por la ex diputada nacional Graciela Cama\u00f1o.<\/p>\n","protected":false},"excerpt":{"rendered":"<p>El ex gobernador de San Juan y actual senador nacional, Sergio U\u00f1ac, luego de una reuni\u00f3n pol\u00edtica distrital de su espacio visit\u00f3 la sede del Sindicato de Trabajadores Municipales de Vicente L\u00f3pez acompa\u00f1ado por una comitiva compuesta por dirigentes de la primera, tercera y octava secci\u00f3n electoral. Estuvieron Alan Avaca (Vicente L\u00f3pez), Germ\u00e1n Pavone (San [&hellip;]<\/p>\n","protected":false},"author":1,"featured_media":22653,"comment_status":"closed","ping_status":"closed","sticky":false,"template":"","format":"standard","meta":{"footnotes":""},"categories":[49,48,25],"tags":[271],"class_list":{"0":"post-22652","1":"post","2":"type-post","3":"status-publish","4":"format-standard","5":"has-post-thumbnail","7":"category-economia-y-gremiales","8":"category-politica-argentina","9":"category-vicente-lopez","10":"tag-stmvl"},"aioseo_notices":[],"_links":{"self":[{"href":"https:\/\/guiadenoticias.com.ar\/diario\/wp-json\/wp\/v2\/posts\/22652","targetHints":{"allow":["GET"]}}],"collection":[{"href":"https:\/\/guiadenoticias.com.ar\/diario\/wp-json\/wp\/v2\/posts"}],"about":[{"href":"https:\/\/guiadenoticias.com.ar\/diario\/wp-json\/wp\/v2\/types\/post"}],"author":[{"embeddable":true,"href":"https:\/\/guiadenoticias.com.ar\/diario\/wp-json\/wp\/v2\/users\/1"}],"replies":[{"embeddable":true,"href":"https:\/\/guiadenoticias.com.ar\/diario\/wp-json\/wp\/v2\/comments?post=22652"}],"version-history":[{"count":1,"href":"https:\/\/guiadenoticias.com.ar\/diario\/wp-json\/wp\/v2\/posts\/22652\/revisions"}],"predecessor-version":[{"id":22655,"href":"https:\/\/guiadenoticias.com.ar\/diario\/wp-json\/wp\/v2\/posts\/22652\/revisions\/22655"}],"wp:featuredmedia":[{"embeddable":true,"href":"https:\/\/guiadenoticias.com.ar\/diario\/wp-json\/wp\/v2\/media\/22653"}],"wp:attachment":[{"href":"https:\/\/guiadenoticias.com.ar\/diario\/wp-json\/wp\/v2\/media?parent=22652"}],"wp:term":[{"taxonomy":"category","embeddable":true,"href":"https:\/\/guiadenoticias.com.ar\/diario\/wp-json\/wp\/v2\/categories?post=22652"},{"taxonomy":"post_tag","embeddable":true,"href":"https:\/\/guiadenoticias.com.ar\/diario\/wp-json\/wp\/v2\/tags?post=22652"}],"curies":[{"name":"wp","href":"https:\/\/api.w.org\/{rel}","templated":true}]}}