{"id":22678,"date":"2024-04-30T21:00:50","date_gmt":"2024-05-01T00:00:50","guid":{"rendered":"https:\/\/guiadenoticias.com.ar\/diario\/?p=22678"},"modified":"2024-05-12T21:57:48","modified_gmt":"2024-05-13T00:57:48","slug":"pablo-descalzo-y-martin-sabbatella-anunciaron-obras-en-ituzaingo","status":"publish","type":"post","link":"https:\/\/guiadenoticias.com.ar\/diario\/pablo-descalzo-y-martin-sabbatella-anunciaron-obras-en-ituzaingo\/","title":{"rendered":"Pablo Descalzo y Mart\u00edn Sabbatella anunciaron obras en Ituzaing\u00f3"},"content":{"rendered":"<p>El intendente Pablo Descalzo y el presidente del COMIREC, Mart\u00edn Sabbatella, mantuvieron una reuni\u00f3n de trabajo en la que anunciaron nuevas obras para Ituzaing\u00f3 en el marco de las tareas que lleva adelante el Comit\u00e9. Se trata de pavimentos, dos nuevos m\u00f3dulos de red secundaria de agua potable y el inicio de la puesta en valor de la Reserva Natural Urbana.<\/p>\n<p>En ese sentido, los trabajos comprenden la realizaci\u00f3n de 63 cuadras de hormig\u00f3n en calles paralelas al Camino del Buen Ayre y accesos. Estas obras tienen por objetivo mejorar la transitabilidad en los barrios y beneficiar\u00e1n a m\u00e1s de 50.000 vecinos y vecinas.<\/p>\n<p>En cuanto a los m\u00f3dulos de red secundaria de agua potable, prev\u00e9n la ejecuci\u00f3n del tendido para la distribuci\u00f3n, abastecimiento y expansi\u00f3n del servicio de agua potable en los barrios Villa Las Naciones, Ferroviario, Gastron\u00f3mico, San Mart\u00edn, Uni\u00f3n y Progreso, 17 de Agosto y Almagro.<\/p>\n<p>Al respecto, Pablo Descalzo destac\u00f3: \u201cTrabajamos codo a codo junto con la Provincia, junto al gobernador (Axel) Kicillof, junto al COMIREC, para seguir garantizando obras fundamentales para los vecinos y vecinas de Ituzaing\u00f3\u201d, y mencion\u00f3 que \u201cese es el camino del desarrollo, con m\u00e1s Estado y con la decisi\u00f3n pol\u00edtica de un gobierno provincial y municipal que busca transformar la realidad\u201d.<\/p>\n<p>Por su parte, Mart\u00edn Sabbatella se refiri\u00f3 al trabajo en conjunto que el Comit\u00e9 de Cuenca del R\u00edo Reconquista realiza en los municipios que comprenden su trazado: \u201cNuestra forma de entender el saneamiento es totalmente interdisciplinaria y articulada con todos los distritos, por eso es importante encontrarnos y planificar en conjunto\u201d.<\/p>\n<p>Asimismo, durante el encuentro los funcionarios dialogaron sobre el proyecto de puesta en valor integral de la Reserva Urbana R\u00edo Reconquista, un reservorio para la biodiversidad local, cuya planificaci\u00f3n prev\u00e9 la apertura como un espacio de promoci\u00f3n de la educaci\u00f3n ambiental y la concientizaci\u00f3n sobre el cuidado del entorno natural.<\/p>\n","protected":false},"excerpt":{"rendered":"<p>El intendente Pablo Descalzo y el presidente del COMIREC, Mart\u00edn Sabbatella, mantuvieron una reuni\u00f3n de trabajo en la que anunciaron nuevas obras para Ituzaing\u00f3 en el marco de las tareas que lleva adelante el Comit\u00e9. Se trata de pavimentos, dos nuevos m\u00f3dulos de red secundaria de agua potable y el inicio de la puesta en [&hellip;]<\/p>\n","protected":false},"author":1,"featured_media":22679,"comment_status":"closed","ping_status":"closed","sticky":false,"template":"","format":"standard","meta":{"footnotes":""},"categories":[29,20,48],"tags":[93,144,242],"class_list":{"0":"post-22678","1":"post","2":"type-post","3":"status-publish","4":"format-standard","5":"has-post-thumbnail","7":"category-ituzaingo","8":"category-municipios","9":"category-politica-argentina","10":"tag-martin-sabbatella","11":"tag-obras-publicas","12":"tag-pablo-descalzo"},"aioseo_notices":[],"_links":{"self":[{"href":"https:\/\/guiadenoticias.com.ar\/diario\/wp-json\/wp\/v2\/posts\/22678","targetHints":{"allow":["GET"]}}],"collection":[{"href":"https:\/\/guiadenoticias.com.ar\/diario\/wp-json\/wp\/v2\/posts"}],"about":[{"href":"https:\/\/guiadenoticias.com.ar\/diario\/wp-json\/wp\/v2\/types\/post"}],"author":[{"embeddable":true,"href":"https:\/\/guiadenoticias.com.ar\/diario\/wp-json\/wp\/v2\/users\/1"}],"replies":[{"embeddable":true,"href":"https:\/\/guiadenoticias.com.ar\/diario\/wp-json\/wp\/v2\/comments?post=22678"}],"version-history":[{"count":1,"href":"https:\/\/guiadenoticias.com.ar\/diario\/wp-json\/wp\/v2\/posts\/22678\/revisions"}],"predecessor-version":[{"id":22681,"href":"https:\/\/guiadenoticias.com.ar\/diario\/wp-json\/wp\/v2\/posts\/22678\/revisions\/22681"}],"wp:featuredmedia":[{"embeddable":true,"href":"https:\/\/guiadenoticias.com.ar\/diario\/wp-json\/wp\/v2\/media\/22679"}],"wp:attachment":[{"href":"https:\/\/guiadenoticias.com.ar\/diario\/wp-json\/wp\/v2\/media?parent=22678"}],"wp:term":[{"taxonomy":"category","embeddable":true,"href":"https:\/\/guiadenoticias.com.ar\/diario\/wp-json\/wp\/v2\/categories?post=22678"},{"taxonomy":"post_tag","embeddable":true,"href":"https:\/\/guiadenoticias.com.ar\/diario\/wp-json\/wp\/v2\/tags?post=22678"}],"curies":[{"name":"wp","href":"https:\/\/api.w.org\/{rel}","templated":true}]}}