{"id":2271,"date":"2016-05-19T00:49:39","date_gmt":"2016-05-19T03:49:39","guid":{"rendered":"http:\/\/guiadenoticias.com.ar\/diario\/?p=2271"},"modified":"2016-05-19T00:50:02","modified_gmt":"2016-05-19T03:50:02","slug":"fuerte-movilizacion-por-el-cierre-de-pediatria-en-el-hospital-cordero","status":"publish","type":"post","link":"https:\/\/guiadenoticias.com.ar\/diario\/fuerte-movilizacion-por-el-cierre-de-pediatria-en-el-hospital-cordero\/","title":{"rendered":"Fuerte movilizaci\u00f3n por el cierre de Pediatr\u00eda en el Hospital Cordero"},"content":{"rendered":"<p>Este mi\u00e9rcoles se realiz\u00f3 una manifestaci\u00f3n con corte en la puerta del hospital provincial \u201cPetrona V. de Cordero\u201d de San Fernando. El motivo tiene que ver con la situaci\u00f3n conocida en los \u00faltimos d\u00edas, cuando se revel\u00f3 el cierre del servicio de guardia e internaci\u00f3n pedi\u00e1trica por falta de personal.<\/p>\n<p>\u201cLa causa es porque por los bajos sueldos y la falta de atenci\u00f3n general por parte de Provincia, cuatro de nuestros m\u00e9dicos decidieron dejar sus cargos e irse a trabajar al sector privado. Entonces desde la Gobernaci\u00f3n en vez de buscar reemplazantes de manera inmediata opta por dejar que se cierre el servicio\u201d, le cont\u00f3 a Gu\u00eda de Noticias una residente que prefiri\u00f3 reservar su nombre.<\/p>\n<p>El hospital ofrec\u00eda atenci\u00f3n a m\u00e1s de 100 ni\u00f1os al momento del cierre. Los pacientes fueron derivados al Materno Infantil de Pacheco y a otro establecimiento de San Isidro, con la posibilidad de que esos servicios se saturen. Actualmente, s\u00f3lo trabajan dos residentes que deben cubrir la labor de los siete d\u00edas de la semana.<\/p>\n<p>Seg\u00fan explic\u00f3 Mirta F\u00e1bregas, coordinadora del servicio, a la prensa presente en la movilizaci\u00f3n, que termin\u00f3 en la plaza Mitre del centro sanfernandino: \u201cNo tenemos respuesta de la direcci\u00f3n del hospital. No nos convocan a dialogar y parecen apoyar a cualquiera menos a quienes trabajamos aqu\u00ed todos los d\u00edas\u201d.<\/p>\n<p>Pamela Ort\u00edz, secretaria General de ATE San Fernando, habl\u00f3 tambi\u00e9n con Gu\u00eda De Noticias y expres\u00f3 que \u201cno s\u00f3lo es el servicio de Pediatr\u00eda el que est\u00e1 en problemas. Cl\u00ednica va camino a que le pase lo mismo. Tenemos temor de que si se sigue esta l\u00ednea y no recibimos respuestas desde la direcci\u00f3n del hospital y la Gobernaci\u00f3n todos los servicios que se brindan aqu\u00ed corran riesgo\u201d.<\/p>\n<p>Dos datos importantes sobre esta situaci\u00f3n fueron los diversos reclamos al gobierno provincial por la delicada situaci\u00f3n que realiz\u00f3 la secretaria de Medio Ambiente y Salud P\u00fablica municipal, Alicia Aparicio, qui\u00e9n\u00a0 mantuvo un encuentro con la subsecretaria de Atenci\u00f3n de la Salud a las Personas, Evelina Chapman, y con el director de Hospitales, Leonardo Busso. Y la acci\u00f3n tomada por la \u00a0diputada provincial del FpV Patricia Cubr\u00eda, quien present\u00f3 en la C\u00e1mara baja un proyecto de repudio al cierre, adem\u00e1s de solicitar informes \u00a0al Ministerio de Salud bonaerense para conocer las medidas concretas que se tomaran para resolver la situaci\u00f3n del hospital de San Fernando.<\/p>\n<p>Acompa\u00f1aron esta movilizaci\u00f3n el bloque de concejales del Frente para la Victoria y el ex concejal del PJ Fernando Coronel. \u201cEl lunes estuvieron en el Concejo Deliberante representantes del servicio y de ATE comunic\u00e1ndonos la situaci\u00f3n y nos pareci\u00f3 importante acompa\u00f1ar a trabajadores que atienden todos los d\u00edas a nuestros vecinos\u201d, \u00a0expres\u00f3 el concejal\u00a0 \u201cNacho\u201d \u00c1lvarez; mientras el referente local de ATE Gustavo Mastroianni dec\u00eda al micr\u00f3fono: \u201cAc\u00e1 no importa el color pol\u00edtico sino el estado de nuestra salud. Quisimos hablar con los concejales de todos los espacios y agradecemos que algunos se hayan acercado a escucharnos, cumpliendo con su deber como ediles\u201d. Tambi\u00e9n estuvieron presentes referentes locales de CICOP.<\/p>\n<p><strong>LA POSTURA DE CAMBIEMOS<\/strong><\/p>\n<p>Mientras trascurr\u00eda la manifestaci\u00f3n, el bloque de concejales de Cambiemos envi\u00f3 un comunicado a la prensa. En ese sentido, el edil Ignacio Semenzato habl\u00f3 sobre la situaci\u00f3n del servicio y neg\u00f3 el cierre de la atenci\u00f3n pedi\u00e1trica en el Hospital Cordero.<\/p>\n<p>\u00abNo es cierto que se va a cerrar el \u00e1rea de Pediatr\u00eda. Hubo un problema con la renuncia simult\u00e1nea de varios m\u00e9dicos y por eso no se pudo brindar la atenci\u00f3n con normalidad. Ya a partir de hoy est\u00e1 abierta hasta las 4 de la tarde, y con el correr de la semana se ir\u00e1 regularizando. La directora del Hospital de San Fernando me dijo que a partir del lunes la situaci\u00f3n va a estar normalizada\u201d, indic\u00f3.<\/p>\n<p>Pidi\u00f3 tambi\u00e9n prudencia con la comunicaci\u00f3n de estos temas y afirm\u00f3 que los otros servicios funcionan sin problemas. \u00abEs un tema muy sensible y no hay que alarmar a la poblaci\u00f3n. Hubo una situaci\u00f3n no deseada pero lejos est\u00e1 de cerrar una atenci\u00f3n tan importante para los vecinos. Tambi\u00e9n hay que aclarar que las \u00e1reas de Neonatolog\u00eda y la Terapia Intensiva Pedi\u00e1trica no tienen ning\u00fan inconveniente\u00bb, concluy\u00f3.<\/p>\n","protected":false},"excerpt":{"rendered":"<p>Este mi\u00e9rcoles se realiz\u00f3 una manifestaci\u00f3n con corte en la puerta del hospital provincial \u201cPetrona V. de Cordero\u201d de San Fernando. El motivo tiene que ver con la situaci\u00f3n conocida en los \u00faltimos d\u00edas, cuando se revel\u00f3 el cierre del servicio de guardia e internaci\u00f3n pedi\u00e1trica por falta de personal. \u201cLa causa es porque por [&hellip;]<\/p>\n","protected":false},"author":1,"featured_media":2272,"comment_status":"closed","ping_status":"open","sticky":false,"template":"","format":"standard","meta":{"footnotes":""},"categories":[20,48,22],"tags":[],"class_list":{"0":"post-2271","1":"post","2":"type-post","3":"status-publish","4":"format-standard","5":"has-post-thumbnail","7":"category-municipios","8":"category-politica-argentina","9":"category-san-fernando"},"aioseo_notices":[],"_links":{"self":[{"href":"https:\/\/guiadenoticias.com.ar\/diario\/wp-json\/wp\/v2\/posts\/2271","targetHints":{"allow":["GET"]}}],"collection":[{"href":"https:\/\/guiadenoticias.com.ar\/diario\/wp-json\/wp\/v2\/posts"}],"about":[{"href":"https:\/\/guiadenoticias.com.ar\/diario\/wp-json\/wp\/v2\/types\/post"}],"author":[{"embeddable":true,"href":"https:\/\/guiadenoticias.com.ar\/diario\/wp-json\/wp\/v2\/users\/1"}],"replies":[{"embeddable":true,"href":"https:\/\/guiadenoticias.com.ar\/diario\/wp-json\/wp\/v2\/comments?post=2271"}],"version-history":[{"count":1,"href":"https:\/\/guiadenoticias.com.ar\/diario\/wp-json\/wp\/v2\/posts\/2271\/revisions"}],"predecessor-version":[{"id":2273,"href":"https:\/\/guiadenoticias.com.ar\/diario\/wp-json\/wp\/v2\/posts\/2271\/revisions\/2273"}],"wp:featuredmedia":[{"embeddable":true,"href":"https:\/\/guiadenoticias.com.ar\/diario\/wp-json\/wp\/v2\/media\/2272"}],"wp:attachment":[{"href":"https:\/\/guiadenoticias.com.ar\/diario\/wp-json\/wp\/v2\/media?parent=2271"}],"wp:term":[{"taxonomy":"category","embeddable":true,"href":"https:\/\/guiadenoticias.com.ar\/diario\/wp-json\/wp\/v2\/categories?post=2271"},{"taxonomy":"post_tag","embeddable":true,"href":"https:\/\/guiadenoticias.com.ar\/diario\/wp-json\/wp\/v2\/tags?post=2271"}],"curies":[{"name":"wp","href":"https:\/\/api.w.org\/{rel}","templated":true}]}}