{"id":22732,"date":"2024-05-25T20:00:17","date_gmt":"2024-05-25T23:00:17","guid":{"rendered":"https:\/\/guiadenoticias.com.ar\/diario\/?p=22732"},"modified":"2024-05-27T01:32:29","modified_gmt":"2024-05-27T04:32:29","slug":"despues-del-show-de-panico-el-25-de-mayo","status":"publish","type":"post","link":"https:\/\/guiadenoticias.com.ar\/diario\/despues-del-show-de-panico-el-25-de-mayo\/","title":{"rendered":"Despu\u00e9s del \u00abshow de p\u00e1nico\u00bb, el 25 de Mayo"},"content":{"rendered":"<p>Javier Milei y su gabinete (incluido Posse) viajaron a C\u00f3rdoba despu\u00e9s del Tedeum; en marzo hab\u00eda anunciado el \u201cpacto de mayo\u201d, pero el 25 de mayo s\u00f3lo hubo un acto m\u00e1s pol\u00edtico que institucional. Lo recibi\u00f3 el gobernador Mart\u00edn Larryora, quien en la plaza San Mart\u00edn fue abucheado.<\/p>\n<p>El c\u00e1lculo oficial marc\u00f3 la concurrencia en seis mil personas, casi un tercio de la gente que lo vio en el cierre de su campa\u00f1a. \u00abNo son militantes, son seguidores que vienen a ver a un influencer\u00bb, dijo un ministro provincial que estuvo en el Cabildo.<\/p>\n<p>La visita estuvo signada por un gran operativo policial, previendo protestas de movimientos como ATE, incluida represi\u00f3n filmada.<\/p>\n<p>Desde all\u00ed, el Presidente anunci\u00f3 que luego de la aprobaci\u00f3n de la ley bases y el paquete fiscal, convocar\u00e1 a un \u00abconsejo de mayo\u00bb, que ser\u00e1 el encargado de impulsar legislaci\u00f3n espec\u00edfica ante los postulados generales.<\/p>\n<p>En su discurso revalid\u00f3 el \u00abajuste m\u00e1s grande de la historia de la humanidad\u00bb y dijo que Luis Caputo es \u00abun crack, un gigante, un rockstar\u00bb. Desde el p\u00fablico llegaban los \u00abno vuelven m\u00e1s\u201d dedicados al kirchnerismo y un novedoso pedido de \u201cplebiscito\u201d.<\/p>\n<p>\u00abVamos de devolverle la libertad a los argentinos, para que cada uno pueda ser el arquitecto de su propio destino\u00bb, dijo Milei, tambi\u00e9n asegur\u00f3 que \u00abel ciclo de fracaso termin\u00f3\u00bb y hasta prometi\u00f3 la baja de impuestos.<\/p>\n<p>A la ma\u00f1ana, en la Catedral Metropolitana de Buenos Aires tuvo lugar el tradicional Tedeum. En ese marco &#8211; con faltazo secretario de Culto, Francisco S\u00e1nchez -, el arzobispo Jorge Garc\u00eda Cuerva hizo eje en la crisis social que atraviesa la Argentina.<\/p>\n","protected":false},"excerpt":{"rendered":"<p>Javier Milei y su gabinete (incluido Posse) viajaron a C\u00f3rdoba despu\u00e9s del Tedeum; en marzo hab\u00eda anunciado el \u201cpacto de mayo\u201d, pero el 25 de mayo s\u00f3lo hubo un acto m\u00e1s pol\u00edtico que institucional. Lo recibi\u00f3 el gobernador Mart\u00edn Larryora, quien en la plaza San Mart\u00edn fue abucheado. El c\u00e1lculo oficial marc\u00f3 la concurrencia en [&hellip;]<\/p>\n","protected":false},"author":1,"featured_media":22734,"comment_status":"closed","ping_status":"closed","sticky":false,"template":"","format":"standard","meta":{"footnotes":""},"categories":[30,48],"tags":[255,261],"class_list":{"0":"post-22732","1":"post","2":"type-post","3":"status-publish","4":"format-standard","5":"has-post-thumbnail","7":"category-nacion","8":"category-politica-argentina","9":"tag-javier-milei","10":"tag-la-libertad-avanza"},"aioseo_notices":[],"_links":{"self":[{"href":"https:\/\/guiadenoticias.com.ar\/diario\/wp-json\/wp\/v2\/posts\/22732","targetHints":{"allow":["GET"]}}],"collection":[{"href":"https:\/\/guiadenoticias.com.ar\/diario\/wp-json\/wp\/v2\/posts"}],"about":[{"href":"https:\/\/guiadenoticias.com.ar\/diario\/wp-json\/wp\/v2\/types\/post"}],"author":[{"embeddable":true,"href":"https:\/\/guiadenoticias.com.ar\/diario\/wp-json\/wp\/v2\/users\/1"}],"replies":[{"embeddable":true,"href":"https:\/\/guiadenoticias.com.ar\/diario\/wp-json\/wp\/v2\/comments?post=22732"}],"version-history":[{"count":2,"href":"https:\/\/guiadenoticias.com.ar\/diario\/wp-json\/wp\/v2\/posts\/22732\/revisions"}],"predecessor-version":[{"id":22739,"href":"https:\/\/guiadenoticias.com.ar\/diario\/wp-json\/wp\/v2\/posts\/22732\/revisions\/22739"}],"wp:featuredmedia":[{"embeddable":true,"href":"https:\/\/guiadenoticias.com.ar\/diario\/wp-json\/wp\/v2\/media\/22734"}],"wp:attachment":[{"href":"https:\/\/guiadenoticias.com.ar\/diario\/wp-json\/wp\/v2\/media?parent=22732"}],"wp:term":[{"taxonomy":"category","embeddable":true,"href":"https:\/\/guiadenoticias.com.ar\/diario\/wp-json\/wp\/v2\/categories?post=22732"},{"taxonomy":"post_tag","embeddable":true,"href":"https:\/\/guiadenoticias.com.ar\/diario\/wp-json\/wp\/v2\/tags?post=22732"}],"curies":[{"name":"wp","href":"https:\/\/api.w.org\/{rel}","templated":true}]}}