{"id":22797,"date":"2024-06-06T16:00:02","date_gmt":"2024-06-06T19:00:02","guid":{"rendered":"https:\/\/guiadenoticias.com.ar\/diario\/?p=22797"},"modified":"2024-06-14T04:07:14","modified_gmt":"2024-06-14T07:07:14","slug":"arranca-el-cronograma-del-presupuesto-participativo-de-vilo","status":"publish","type":"post","link":"https:\/\/guiadenoticias.com.ar\/diario\/arranca-el-cronograma-del-presupuesto-participativo-de-vilo\/","title":{"rendered":"Arranca el cronograma del Presupuesto Participativo de Vilo"},"content":{"rendered":"<p>Hasta el 30 de junio, los vecinos de Vicente L\u00f3pez pueden participar del dise\u00f1o del Presupuesto Participativo, iniciativa a trav\u00e9s de la cual presentar\u00e1n sus propuestas y, posteriormente, seleccionar\u00e1n los proyectos que llevar\u00e1 adelante el municipio.<\/p>\n<p>Al respecto, la intendenta Soledad Mart\u00ednez expres\u00f3 que \u201clos vecinos son quienes deciden qu\u00e9 hacemos con la plata de sus tasas. El Presupuesto Participativo lleva m\u00e1s de 10 a\u00f1os, donde los vecinos presentan sus ideas, sus proyectos para mejorar su barrio, su zona, su escuela. Tambi\u00e9n participan organizaciones del tercer sector. Y luego, los propios vecinos son quienes votan las obras que el municipio llevar\u00e1 adelante\u201d.<\/p>\n<p>El a\u00f1o pasado, casi 30 mil personas participaron de este programa. Las propuestas pueden abarcar una variedad de temas tales como mejoras en espacios p\u00fablicos, tr\u00e1nsito, educaci\u00f3n, salud, cultura y deportes, entre otros.<\/p>\n<p>Para presentar sus proyectos, los vecinos deben completar un formulario. Es necesario ser mayor de 16 a\u00f1os y vivir o trabajar en Vicente L\u00f3pez. Los proyectos que resulten viables se votar\u00e1n en octubre y los seleccionados ser\u00e1n ejecutados en 2025.<\/p>\n","protected":false},"excerpt":{"rendered":"<p>Hasta el 30 de junio, los vecinos de Vicente L\u00f3pez pueden participar del dise\u00f1o del Presupuesto Participativo, iniciativa a trav\u00e9s de la cual presentar\u00e1n sus propuestas y, posteriormente, seleccionar\u00e1n los proyectos que llevar\u00e1 adelante el municipio. Al respecto, la intendenta Soledad Mart\u00ednez expres\u00f3 que \u201clos vecinos son quienes deciden qu\u00e9 hacemos con la plata de [&hellip;]<\/p>\n","protected":false},"author":1,"featured_media":22798,"comment_status":"closed","ping_status":"closed","sticky":false,"template":"","format":"standard","meta":{"footnotes":""},"categories":[20,25],"tags":[176],"class_list":{"0":"post-22797","1":"post","2":"type-post","3":"status-publish","4":"format-standard","5":"has-post-thumbnail","7":"category-municipios","8":"category-vicente-lopez","9":"tag-soledad-martinez"},"aioseo_notices":[],"_links":{"self":[{"href":"https:\/\/guiadenoticias.com.ar\/diario\/wp-json\/wp\/v2\/posts\/22797","targetHints":{"allow":["GET"]}}],"collection":[{"href":"https:\/\/guiadenoticias.com.ar\/diario\/wp-json\/wp\/v2\/posts"}],"about":[{"href":"https:\/\/guiadenoticias.com.ar\/diario\/wp-json\/wp\/v2\/types\/post"}],"author":[{"embeddable":true,"href":"https:\/\/guiadenoticias.com.ar\/diario\/wp-json\/wp\/v2\/users\/1"}],"replies":[{"embeddable":true,"href":"https:\/\/guiadenoticias.com.ar\/diario\/wp-json\/wp\/v2\/comments?post=22797"}],"version-history":[{"count":1,"href":"https:\/\/guiadenoticias.com.ar\/diario\/wp-json\/wp\/v2\/posts\/22797\/revisions"}],"predecessor-version":[{"id":22800,"href":"https:\/\/guiadenoticias.com.ar\/diario\/wp-json\/wp\/v2\/posts\/22797\/revisions\/22800"}],"wp:featuredmedia":[{"embeddable":true,"href":"https:\/\/guiadenoticias.com.ar\/diario\/wp-json\/wp\/v2\/media\/22798"}],"wp:attachment":[{"href":"https:\/\/guiadenoticias.com.ar\/diario\/wp-json\/wp\/v2\/media?parent=22797"}],"wp:term":[{"taxonomy":"category","embeddable":true,"href":"https:\/\/guiadenoticias.com.ar\/diario\/wp-json\/wp\/v2\/categories?post=22797"},{"taxonomy":"post_tag","embeddable":true,"href":"https:\/\/guiadenoticias.com.ar\/diario\/wp-json\/wp\/v2\/tags?post=22797"}],"curies":[{"name":"wp","href":"https:\/\/api.w.org\/{rel}","templated":true}]}}