{"id":22816,"date":"2024-06-10T11:00:08","date_gmt":"2024-06-10T14:00:08","guid":{"rendered":"https:\/\/guiadenoticias.com.ar\/diario\/?p=22816"},"modified":"2024-06-21T03:00:47","modified_gmt":"2024-06-21T06:00:47","slug":"el-municipio-de-moron-firmo-un-convenio-con-pami","status":"publish","type":"post","link":"https:\/\/guiadenoticias.com.ar\/diario\/el-municipio-de-moron-firmo-un-convenio-con-pami\/","title":{"rendered":"El municipio de Mor\u00f3n firm\u00f3 un convenio con PAMI"},"content":{"rendered":"<p>La Municipalidad de Mor\u00f3n suscribi\u00f3 un convenio con el Instituto Nacional de Servicios Sociales para Jubilados y Pensionados (PAMI) para ampliar la atenci\u00f3n sanitaria y el abordaje territorial de los afiliados y afiliadas.<\/p>\n<p>En el marco del acuerdo tambi\u00e9n se propone impulsar actividades al aire libre, recreativas y deportivas en diferentes espacios para adultos y adultas mayores.<\/p>\n<p>Adem\u00e1s, establece una articulaci\u00f3n informativa entre el PAMI y el municipio para el correcto abordaje de los y las adultas mayores.<\/p>\n<p>En la firma estuvieron el intendente Lucas Ghi, la titular del PAMI Mor\u00f3n, Marina Cejas, y el secretario de Salud local, Mart\u00edn Latorraca.<\/p>\n","protected":false},"excerpt":{"rendered":"<p>La Municipalidad de Mor\u00f3n suscribi\u00f3 un convenio con el Instituto Nacional de Servicios Sociales para Jubilados y Pensionados (PAMI) para ampliar la atenci\u00f3n sanitaria y el abordaje territorial de los afiliados y afiliadas. En el marco del acuerdo tambi\u00e9n se propone impulsar actividades al aire libre, recreativas y deportivas en diferentes espacios para adultos y [&hellip;]<\/p>\n","protected":false},"author":1,"featured_media":22817,"comment_status":"closed","ping_status":"closed","sticky":false,"template":"","format":"standard","meta":{"footnotes":""},"categories":[28,20],"tags":[73,80],"class_list":{"0":"post-22816","1":"post","2":"type-post","3":"status-publish","4":"format-standard","5":"has-post-thumbnail","7":"category-moron","8":"category-municipios","9":"tag-lucas-ghi","10":"tag-salud"},"aioseo_notices":[],"_links":{"self":[{"href":"https:\/\/guiadenoticias.com.ar\/diario\/wp-json\/wp\/v2\/posts\/22816","targetHints":{"allow":["GET"]}}],"collection":[{"href":"https:\/\/guiadenoticias.com.ar\/diario\/wp-json\/wp\/v2\/posts"}],"about":[{"href":"https:\/\/guiadenoticias.com.ar\/diario\/wp-json\/wp\/v2\/types\/post"}],"author":[{"embeddable":true,"href":"https:\/\/guiadenoticias.com.ar\/diario\/wp-json\/wp\/v2\/users\/1"}],"replies":[{"embeddable":true,"href":"https:\/\/guiadenoticias.com.ar\/diario\/wp-json\/wp\/v2\/comments?post=22816"}],"version-history":[{"count":1,"href":"https:\/\/guiadenoticias.com.ar\/diario\/wp-json\/wp\/v2\/posts\/22816\/revisions"}],"predecessor-version":[{"id":22819,"href":"https:\/\/guiadenoticias.com.ar\/diario\/wp-json\/wp\/v2\/posts\/22816\/revisions\/22819"}],"wp:featuredmedia":[{"embeddable":true,"href":"https:\/\/guiadenoticias.com.ar\/diario\/wp-json\/wp\/v2\/media\/22817"}],"wp:attachment":[{"href":"https:\/\/guiadenoticias.com.ar\/diario\/wp-json\/wp\/v2\/media?parent=22816"}],"wp:term":[{"taxonomy":"category","embeddable":true,"href":"https:\/\/guiadenoticias.com.ar\/diario\/wp-json\/wp\/v2\/categories?post=22816"},{"taxonomy":"post_tag","embeddable":true,"href":"https:\/\/guiadenoticias.com.ar\/diario\/wp-json\/wp\/v2\/tags?post=22816"}],"curies":[{"name":"wp","href":"https:\/\/api.w.org\/{rel}","templated":true}]}}