{"id":22826,"date":"2024-06-24T21:06:19","date_gmt":"2024-06-25T00:06:19","guid":{"rendered":"https:\/\/guiadenoticias.com.ar\/diario\/?p=22826"},"modified":"2024-07-03T21:07:43","modified_gmt":"2024-07-04T00:07:43","slug":"mas-acciones-para-el-reciclaje-de-plasticos","status":"publish","type":"post","link":"https:\/\/guiadenoticias.com.ar\/diario\/mas-acciones-para-el-reciclaje-de-plasticos\/","title":{"rendered":"M\u00e1s acciones para el reciclaje de pl\u00e1sticos"},"content":{"rendered":"<p>El municipio de San Fernando envi\u00f3 a una planta de tratamiento dos nuevas toneladas de\u00a0 pl\u00e1sticos \u00a0reciclados\u00a0 por los vecinos en las campanas y contenedores amarillos\u00a0 de EcoSanfer, colocados en puntos\u00a0 estrat\u00e9gicos\u00a0 del distrito mantener limpia la ciudad y evitar la contaminaci\u00f3n del agua y el suelo.<\/p>\n<p>La Comuna lleva adelante una \u00a0pol\u00edtica \u00a0de reciclaje para mantener limpio el espacio p\u00fablico y mejorar la calidad de vida de las vecinas y los vecinos. Por ello, desarrolla el plan integral\u00a0\u00a0 \u201cEcoSanfer\u201d, que potencia acciones a favor del medio ambiente, que cuenta con m\u00e1s de 350 contenedores y 50 campanas distribuidas en todo el distrito para la recolecci\u00f3n diferenciada de pl\u00e1stico, latas de aluminio, vidrio, cart\u00f3n y papel, \u201cBotellas de Amor\u201d rellenas con pl\u00e1sticos de un solo uso, y tapitas pl\u00e1sticas.<\/p>\n<p>En el caso particular del pl\u00e1stico, la Secretaria de Desarrollo Social, Educaci\u00f3n y Medio Ambiente, Eva Andreotti, visit\u00f3 la Planta Municipal de Separaci\u00f3n y Clasificaci\u00f3n de Residuos Reciclables y all\u00ed explic\u00f3: \u201cEnviamos dos toneladas de pl\u00e1sticos depositados por los vecinos en los contenedores amarillos, a la empresa EcoPet, para que luego de procesado el material se reutilice en la industria alimenticia. Cada vez m\u00e1s sanfernandinos se suman a nuestro programa\u00a0\u00a0 de concientizaci\u00f3n del cuidado del medio ambiente\u201d.<\/p>\n<p>A\u00f1adi\u00f3, \u201cles pedimos a las vecinas y vecinos que depositen en los puntos amarillos, \u00fanicamente, latas de conserva y gaseosas, aerosoles y botellas pl\u00e1sticas de productos de limpieza o comestibles. Por eso, sigamos cuidando el ambiente, porque somos la \u2018generaci\u00f3n restauraci\u00f3n\u2019, y todo aporte es \u00fatil para cuidar el planeta\u201d.<\/p>\n","protected":false},"excerpt":{"rendered":"<p>El municipio de San Fernando envi\u00f3 a una planta de tratamiento dos nuevas toneladas de\u00a0 pl\u00e1sticos \u00a0reciclados\u00a0 por los vecinos en las campanas y contenedores amarillos\u00a0 de EcoSanfer, colocados en puntos\u00a0 estrat\u00e9gicos\u00a0 del distrito mantener limpia la ciudad y evitar la contaminaci\u00f3n del agua y el suelo. La Comuna lleva adelante una \u00a0pol\u00edtica \u00a0de reciclaje [&hellip;]<\/p>\n","protected":false},"author":1,"featured_media":22827,"comment_status":"closed","ping_status":"closed","sticky":false,"template":"","format":"standard","meta":{"footnotes":""},"categories":[203,20],"tags":[130],"class_list":{"0":"post-22826","1":"post","2":"type-post","3":"status-publish","4":"format-standard","5":"has-post-thumbnail","7":"category-ambiente","8":"category-municipios","9":"tag-medio-ambiente"},"aioseo_notices":[],"_links":{"self":[{"href":"https:\/\/guiadenoticias.com.ar\/diario\/wp-json\/wp\/v2\/posts\/22826","targetHints":{"allow":["GET"]}}],"collection":[{"href":"https:\/\/guiadenoticias.com.ar\/diario\/wp-json\/wp\/v2\/posts"}],"about":[{"href":"https:\/\/guiadenoticias.com.ar\/diario\/wp-json\/wp\/v2\/types\/post"}],"author":[{"embeddable":true,"href":"https:\/\/guiadenoticias.com.ar\/diario\/wp-json\/wp\/v2\/users\/1"}],"replies":[{"embeddable":true,"href":"https:\/\/guiadenoticias.com.ar\/diario\/wp-json\/wp\/v2\/comments?post=22826"}],"version-history":[{"count":1,"href":"https:\/\/guiadenoticias.com.ar\/diario\/wp-json\/wp\/v2\/posts\/22826\/revisions"}],"predecessor-version":[{"id":22829,"href":"https:\/\/guiadenoticias.com.ar\/diario\/wp-json\/wp\/v2\/posts\/22826\/revisions\/22829"}],"wp:featuredmedia":[{"embeddable":true,"href":"https:\/\/guiadenoticias.com.ar\/diario\/wp-json\/wp\/v2\/media\/22827"}],"wp:attachment":[{"href":"https:\/\/guiadenoticias.com.ar\/diario\/wp-json\/wp\/v2\/media?parent=22826"}],"wp:term":[{"taxonomy":"category","embeddable":true,"href":"https:\/\/guiadenoticias.com.ar\/diario\/wp-json\/wp\/v2\/categories?post=22826"},{"taxonomy":"post_tag","embeddable":true,"href":"https:\/\/guiadenoticias.com.ar\/diario\/wp-json\/wp\/v2\/tags?post=22826"}],"curies":[{"name":"wp","href":"https:\/\/api.w.org\/{rel}","templated":true}]}}