{"id":22882,"date":"2024-07-24T20:24:47","date_gmt":"2024-07-24T23:24:47","guid":{"rendered":"https:\/\/guiadenoticias.com.ar\/diario\/?p=22882"},"modified":"2024-07-30T20:38:00","modified_gmt":"2024-07-30T23:38:00","slug":"kicillof-encabezo-la-inauguracion-del-nuevo-puente-roca","status":"publish","type":"post","link":"https:\/\/guiadenoticias.com.ar\/diario\/kicillof-encabezo-la-inauguracion-del-nuevo-puente-roca\/","title":{"rendered":"Kicillof encabez\u00f3 la inauguraci\u00f3n del nuevo Puente Roca"},"content":{"rendered":"<p>El gobernador de la Provincia, Axel Kicillof, junto con los intendentes Pablo Descalzo y Mariel Fern\u00e1ndez, encabezaron el acto de inauguraci\u00f3n del anexo del Puente Roca. En el corte de cinta de esta obra, que une Ituzaing\u00f3 con Moreno por encima del R\u00edo Reconquista, participaron tambi\u00e9n el ministro de Infraestructura y Servicios P\u00fablicos, Gabriel Katopodis, y el ministro de Trabajo bonaerense, Walter Correa.<\/p>\n<p>Con una inversi\u00f3n de m\u00e1s de 1.000 millones de pesos y con financiamiento del Banco Interamericano de Desarrollo (BID), la obra pone en funcionamiento dos nuevos carriles vehiculares y un paso peatonal por encima del R\u00edo Reconquista, que complementa al preexistente Puente Roca y que une las localidades de Trujui de Moreno y Villa Udaondo, Ituzaing\u00f3. Tambi\u00e9n incluye los correspondientes desag\u00fces pluviales, la construcci\u00f3n de las calzadas de enlace entre el nuevo puente y la traza preexistente, la demarcaci\u00f3n y la luminaria.<\/p>\n<p>En este sentido, Kicillof destac\u00f3: \u201cEs la sociedad la que determina sus prioridades, se organiza y elige a sus representantes para que den respuestas a las necesidades de nuestro pueblo. En la provincia de Buenos Aires las obras p\u00fablicas se empiezan y se terminan\u201d. Y a\u00f1adi\u00f3, \u201caunque nos insulten y nos quiten los recursos que nos corresponde, vamos a terminar las obras cruciales que ha abandonado el gobierno nacional\u201d.<\/p>\n<p>Por su parte, el intendente Pablo Descalzo expres\u00f3 que \u201cgracias al trabajo y compromiso con los derechos de las y los bonaerenses, pudimos completar esta obra y vamos a continuar con las obras que el gobierno nacional quiere detener\u201d. Mencion\u00f3, adem\u00e1s, \u201cla obra p\u00fablica permite que llegue la inversi\u00f3n privada, que trae m\u00e1s empleo y m\u00e1s desarrollo. Y esto no ser\u00eda posible sin un Estado que invierta en infraestructura que garantice derechos a los vecinos y vecinas\u201d.<\/p>\n<p>La intendenta de Moreno, Mariel Fern\u00e1ndez, declar\u00f3: \u201cNuestro agradecimiento es principalmente a los vecinos y vecinas que hace d\u00e9cadas luchan por esta obra y a Axel Kicillof que escuch\u00f3 la necesidad de la ampliaci\u00f3n de este puente\u201d. Y dijo, \u201cNosotros tenemos un gobernador que, a pesar de la dif\u00edcil situaci\u00f3n econ\u00f3mica que estamos viviendo, se puso la Provincia al hombro y no nos dej\u00f3 tirados, ni a los vecinos de Moreno ni a los vecinos de Ituzaing\u00f3\u201d.<\/p>\n<p>Con esta nueva obra ser\u00e1n cuatro los carriles que conectan la Avenida N\u00e9stor Kirchner de Moreno con la Avenida Mart\u00edn Fierro de Ituzaing\u00f3.<\/p>\n","protected":false},"excerpt":{"rendered":"<p>El gobernador de la Provincia, Axel Kicillof, junto con los intendentes Pablo Descalzo y Mariel Fern\u00e1ndez, encabezaron el acto de inauguraci\u00f3n del anexo del Puente Roca. En el corte de cinta de esta obra, que une Ituzaing\u00f3 con Moreno por encima del R\u00edo Reconquista, participaron tambi\u00e9n el ministro de Infraestructura y Servicios P\u00fablicos, Gabriel Katopodis, [&hellip;]<\/p>\n","protected":false},"author":1,"featured_media":22883,"comment_status":"closed","ping_status":"closed","sticky":false,"template":"","format":"standard","meta":{"footnotes":""},"categories":[29,70,20,31],"tags":[83,144,242],"class_list":{"0":"post-22882","1":"post","2":"type-post","3":"status-publish","4":"format-standard","5":"has-post-thumbnail","7":"category-ituzaingo","8":"category-las-mas-leidas","9":"category-municipios","10":"category-provincia","11":"tag-axel-kicillof","12":"tag-obras-publicas","13":"tag-pablo-descalzo"},"aioseo_notices":[],"_links":{"self":[{"href":"https:\/\/guiadenoticias.com.ar\/diario\/wp-json\/wp\/v2\/posts\/22882","targetHints":{"allow":["GET"]}}],"collection":[{"href":"https:\/\/guiadenoticias.com.ar\/diario\/wp-json\/wp\/v2\/posts"}],"about":[{"href":"https:\/\/guiadenoticias.com.ar\/diario\/wp-json\/wp\/v2\/types\/post"}],"author":[{"embeddable":true,"href":"https:\/\/guiadenoticias.com.ar\/diario\/wp-json\/wp\/v2\/users\/1"}],"replies":[{"embeddable":true,"href":"https:\/\/guiadenoticias.com.ar\/diario\/wp-json\/wp\/v2\/comments?post=22882"}],"version-history":[{"count":2,"href":"https:\/\/guiadenoticias.com.ar\/diario\/wp-json\/wp\/v2\/posts\/22882\/revisions"}],"predecessor-version":[{"id":22888,"href":"https:\/\/guiadenoticias.com.ar\/diario\/wp-json\/wp\/v2\/posts\/22882\/revisions\/22888"}],"wp:featuredmedia":[{"embeddable":true,"href":"https:\/\/guiadenoticias.com.ar\/diario\/wp-json\/wp\/v2\/media\/22883"}],"wp:attachment":[{"href":"https:\/\/guiadenoticias.com.ar\/diario\/wp-json\/wp\/v2\/media?parent=22882"}],"wp:term":[{"taxonomy":"category","embeddable":true,"href":"https:\/\/guiadenoticias.com.ar\/diario\/wp-json\/wp\/v2\/categories?post=22882"},{"taxonomy":"post_tag","embeddable":true,"href":"https:\/\/guiadenoticias.com.ar\/diario\/wp-json\/wp\/v2\/tags?post=22882"}],"curies":[{"name":"wp","href":"https:\/\/api.w.org\/{rel}","templated":true}]}}