{"id":2289,"date":"2016-05-19T18:37:13","date_gmt":"2016-05-19T21:37:13","guid":{"rendered":"http:\/\/guiadenoticias.com.ar\/diario\/?p=2289"},"modified":"2016-05-19T18:39:38","modified_gmt":"2016-05-19T21:39:38","slug":"andreotti-inauguro-unidad-de-diagnostico-precoz","status":"publish","type":"post","link":"https:\/\/guiadenoticias.com.ar\/diario\/andreotti-inauguro-unidad-de-diagnostico-precoz\/","title":{"rendered":"Andreotti inaugur\u00f3 Unidad de Diagn\u00f3stico Precoz"},"content":{"rendered":"<p>El municipio de <strong>San Fernando<\/strong> inaugur\u00f3 la nueva Unidad de Diagn\u00f3stico Precoz N\u00b0 27, que ofrece en forma gratuita, con o sin obra social, diagn\u00f3stico por im\u00e1genes &#8211; radiolog\u00eda, ecograf\u00eda, cardiograf\u00eda, ergometr\u00eda y mamograf\u00eda-; ginecolog\u00eda integral, con obstetricia y seguimiento para mujeres embarazadas; vacunatorio; y atenci\u00f3n pedi\u00e1trica con camas para observaci\u00f3n.<\/p>\n<p>El intendente Luis Andreotti encabez\u00f3 el acto inaugural en la esquina de 25 de Mayo y Pascuala de Uncal, donde est\u00e1 ubicado el edificio, en compa\u00f1\u00eda del diputado provincial Juan Andreotti y el presidente del Concejo Deliberante, Santiago Aparicio.<\/p>\n<p>El jefe comunal se\u00f1al\u00f3 que \u201cel objetivo que nos planteamos desde el primer d\u00eda de gobierno fue trabajar mucho en el tejido social para hacer un municipio m\u00e1s inclusivo e integrador. Los vecinos necesitan servicios y para eso estamos. Tambi\u00e9n intentamos hacer prevenci\u00f3n y nos enfocamos en la mortalidad infantil, que ya es de las m\u00e1s bajas del pa\u00eds\u201d.<\/p>\n<p>Juan Andreotti carg\u00f3, adem\u00e1s, contra el sistema sanitario provincial.\u00a0 En ese sentido consider\u00f3 que \u201ces muy importante para el distrito. M\u00e1s a\u00fan con la dif\u00edcil situaci\u00f3n que enfrenta el Hospital Provincial Petrona V. de Cordero, con muchos problemas en su \u00e1rea pedi\u00e1trica. El municipio seguir\u00e1 colaborando, pero tiene que ser un complemento y no la soluci\u00f3n, porque el hospital debe funcionar bien, como corresponde\u201d.<\/p>\n<p>\u201cEl hospital es parte de la ilusi\u00f3n de cambio que ten\u00eda la gente, una cuenta pendiente que no ha mejorado, al contrario, est\u00e1 en una situaci\u00f3n cr\u00edtica, de las peores en el \u00faltimo tiempo\u201d, prosigui\u00f3.<\/p>\n<p>El intendente de <strong>San Fernando<\/strong> agreg\u00f3 sobre esta problem\u00e1tica, \u201cen los a\u00f1os anteriores pudimos hacer un buen trabajo en Pediatr\u00eda junto al hospital, pero hoy su guardia no tiene m\u00e9dicos. Hablamos con las autoridades y nos prometieron la soluci\u00f3n\u201d.<\/p>\n","protected":false},"excerpt":{"rendered":"<p>El municipio de San Fernando inaugur\u00f3 la nueva Unidad de Diagn\u00f3stico Precoz N\u00b0 27, que ofrece en forma gratuita, con o sin obra social, diagn\u00f3stico por im\u00e1genes &#8211; radiolog\u00eda, ecograf\u00eda, cardiograf\u00eda, ergometr\u00eda y mamograf\u00eda-; ginecolog\u00eda integral, con obstetricia y seguimiento para mujeres embarazadas; vacunatorio; y atenci\u00f3n pedi\u00e1trica con camas para observaci\u00f3n. El intendente Luis Andreotti [&hellip;]<\/p>\n","protected":false},"author":1,"featured_media":2290,"comment_status":"closed","ping_status":"open","sticky":false,"template":"","format":"standard","meta":{"footnotes":""},"categories":[20,48,22],"tags":[],"class_list":{"0":"post-2289","1":"post","2":"type-post","3":"status-publish","4":"format-standard","5":"has-post-thumbnail","7":"category-municipios","8":"category-politica-argentina","9":"category-san-fernando"},"aioseo_notices":[],"_links":{"self":[{"href":"https:\/\/guiadenoticias.com.ar\/diario\/wp-json\/wp\/v2\/posts\/2289","targetHints":{"allow":["GET"]}}],"collection":[{"href":"https:\/\/guiadenoticias.com.ar\/diario\/wp-json\/wp\/v2\/posts"}],"about":[{"href":"https:\/\/guiadenoticias.com.ar\/diario\/wp-json\/wp\/v2\/types\/post"}],"author":[{"embeddable":true,"href":"https:\/\/guiadenoticias.com.ar\/diario\/wp-json\/wp\/v2\/users\/1"}],"replies":[{"embeddable":true,"href":"https:\/\/guiadenoticias.com.ar\/diario\/wp-json\/wp\/v2\/comments?post=2289"}],"version-history":[{"count":3,"href":"https:\/\/guiadenoticias.com.ar\/diario\/wp-json\/wp\/v2\/posts\/2289\/revisions"}],"predecessor-version":[{"id":2293,"href":"https:\/\/guiadenoticias.com.ar\/diario\/wp-json\/wp\/v2\/posts\/2289\/revisions\/2293"}],"wp:featuredmedia":[{"embeddable":true,"href":"https:\/\/guiadenoticias.com.ar\/diario\/wp-json\/wp\/v2\/media\/2290"}],"wp:attachment":[{"href":"https:\/\/guiadenoticias.com.ar\/diario\/wp-json\/wp\/v2\/media?parent=2289"}],"wp:term":[{"taxonomy":"category","embeddable":true,"href":"https:\/\/guiadenoticias.com.ar\/diario\/wp-json\/wp\/v2\/categories?post=2289"},{"taxonomy":"post_tag","embeddable":true,"href":"https:\/\/guiadenoticias.com.ar\/diario\/wp-json\/wp\/v2\/tags?post=2289"}],"curies":[{"name":"wp","href":"https:\/\/api.w.org\/{rel}","templated":true}]}}