{"id":22934,"date":"2024-07-12T22:00:46","date_gmt":"2024-07-13T01:00:46","guid":{"rendered":"https:\/\/guiadenoticias.com.ar\/diario\/?p=22934"},"modified":"2024-07-28T22:28:41","modified_gmt":"2024-07-29T01:28:41","slug":"no-pagaran-la-patente-municipal-los-vehiculos-usados-para-trabajar","status":"publish","type":"post","link":"https:\/\/guiadenoticias.com.ar\/diario\/no-pagaran-la-patente-municipal-los-vehiculos-usados-para-trabajar\/","title":{"rendered":"No pagar\u00e1n la patente municipal los veh\u00edculos usados para trabajar"},"content":{"rendered":"<p>Luego de ser aprobada en el Concejo Deliberante la nueva Ordenanza, quienes usen sus veh\u00edculos para trabajar tendr\u00e1n bonificada la patente por lo que resta del a\u00f1o. Esta medida tiene como objetivo seguir acompa\u00f1ando el esfuerzo de los que trabajan: \u201cPriorizamos que cada vecino pueda prosperar con un Estado que lo entienda y estimule la creaci\u00f3n de empleo. Es un momento para apuntalar al que busca salir adelante\u201d, destac\u00f3 el intendente Diego Valenzuela.<\/p>\n<p>Adem\u00e1s de la bonificaci\u00f3n de la patente para fines laborales, se redujo el valor del Registro de Conducir Profesional, equipar\u00e1ndolo al registro com\u00fan para no penalizar a los que trabajan con el auto. El jefe comunal dio su mirada sobre la aprobaci\u00f3n de la iniciativa: \u201cCreemos en un Estado \u00e1gil, liviano, que tenga la capacidad de adaptarse al contexto y la necesidad de cada momento. Hoy, poner dinero en manos del laburante nos parece m\u00e1s importante que otro tipo de gasto\u201d. Para quienes hayan realizado el pago anual podr\u00e1n optar por la devoluci\u00f3n del dinero o mantener el cr\u00e9dito a favor y usarlo para pagar cualquier otra tasa.<\/p>\n<p>El tr\u00e1mite estar\u00e1 disponible de manera online a trav\u00e9s del sistema Mi3F y pueden solicitar este beneficio todos los vecinos, cooperativas o sociedades que est\u00e9n inscriptos en Ingresos Brutos o en el r\u00e9gimen simplificado dentro de una serie de 800 actividades econ\u00f3micas. Se les va a solicitar el comprobante de inscripci\u00f3n al impuesto, la \u00faltima declaraci\u00f3n jurada y el t\u00edtulo del veh\u00edculo.<\/p>\n<p>La Municipalidad de Tres de Febrero hace a\u00f1os genera pol\u00edticas de alivio fiscal, como las habilitaciones gratuitas, la baja de m\u00e1s 400 conceptos fiscales, cr\u00e9dito fiscal y beneficios a comercios y empresas y la bonificaci\u00f3n de la Tasa de Seguridad e Higiene. Esto se enmarca en una pol\u00edtica llamada \u00abMenos impuestos, m\u00e1s trabajo\u00bb.<\/p>\n","protected":false},"excerpt":{"rendered":"<p>Luego de ser aprobada en el Concejo Deliberante la nueva Ordenanza, quienes usen sus veh\u00edculos para trabajar tendr\u00e1n bonificada la patente por lo que resta del a\u00f1o. Esta medida tiene como objetivo seguir acompa\u00f1ando el esfuerzo de los que trabajan: \u201cPriorizamos que cada vecino pueda prosperar con un Estado que lo entienda y estimule la [&hellip;]<\/p>\n","protected":false},"author":1,"featured_media":22935,"comment_status":"closed","ping_status":"closed","sticky":false,"template":"","format":"standard","meta":{"footnotes":""},"categories":[20,26],"tags":[72,226],"class_list":{"0":"post-22934","1":"post","2":"type-post","3":"status-publish","4":"format-standard","5":"has-post-thumbnail","7":"category-municipios","8":"category-tres-de-febrero","9":"tag-diego-valenzuela","10":"tag-tasas"},"aioseo_notices":[],"_links":{"self":[{"href":"https:\/\/guiadenoticias.com.ar\/diario\/wp-json\/wp\/v2\/posts\/22934","targetHints":{"allow":["GET"]}}],"collection":[{"href":"https:\/\/guiadenoticias.com.ar\/diario\/wp-json\/wp\/v2\/posts"}],"about":[{"href":"https:\/\/guiadenoticias.com.ar\/diario\/wp-json\/wp\/v2\/types\/post"}],"author":[{"embeddable":true,"href":"https:\/\/guiadenoticias.com.ar\/diario\/wp-json\/wp\/v2\/users\/1"}],"replies":[{"embeddable":true,"href":"https:\/\/guiadenoticias.com.ar\/diario\/wp-json\/wp\/v2\/comments?post=22934"}],"version-history":[{"count":1,"href":"https:\/\/guiadenoticias.com.ar\/diario\/wp-json\/wp\/v2\/posts\/22934\/revisions"}],"predecessor-version":[{"id":22937,"href":"https:\/\/guiadenoticias.com.ar\/diario\/wp-json\/wp\/v2\/posts\/22934\/revisions\/22937"}],"wp:featuredmedia":[{"embeddable":true,"href":"https:\/\/guiadenoticias.com.ar\/diario\/wp-json\/wp\/v2\/media\/22935"}],"wp:attachment":[{"href":"https:\/\/guiadenoticias.com.ar\/diario\/wp-json\/wp\/v2\/media?parent=22934"}],"wp:term":[{"taxonomy":"category","embeddable":true,"href":"https:\/\/guiadenoticias.com.ar\/diario\/wp-json\/wp\/v2\/categories?post=22934"},{"taxonomy":"post_tag","embeddable":true,"href":"https:\/\/guiadenoticias.com.ar\/diario\/wp-json\/wp\/v2\/tags?post=22934"}],"curies":[{"name":"wp","href":"https:\/\/api.w.org\/{rel}","templated":true}]}}