{"id":23007,"date":"2024-08-18T13:00:49","date_gmt":"2024-08-18T16:00:49","guid":{"rendered":"https:\/\/guiadenoticias.com.ar\/diario\/?p=23007"},"modified":"2024-08-25T03:07:55","modified_gmt":"2024-08-25T06:07:55","slug":"encuentro-peronista-en-tres-de-febrero-moreno-respaldo-a-zaragoza","status":"publish","type":"post","link":"https:\/\/guiadenoticias.com.ar\/diario\/encuentro-peronista-en-tres-de-febrero-moreno-respaldo-a-zaragoza\/","title":{"rendered":"Encuentro peronista en Tres de Febrero: Moreno respald\u00f3 a Zaragoza"},"content":{"rendered":"<p>Por Alan Mineo<\/p>\n<p>El club Ciudadela Norte se transform\u00f3 en un hervidero, donde militantes y vecinos se reunieron para recibir al ex secretario de Comercio Interior y l\u00edder del espacio Principios y Valores, Guillermo Moreno. El ambiente, cargado de c\u00e1nticos y banderas, anticipaba un acto que no pone en valor el peronismo local, sino que tambi\u00e9n significa un espaldarazo al referente de Tres de Febrero, Juan Pablo Zaragoza.<\/p>\n<p>La jornada comenz\u00f3 en un local gastron\u00f3mico del centro de Caseros, donde Moreno fue recibido por Zaragoza y un grupo de comerciantes. Acompa\u00f1ado por Alberto Visconti, Francisco \u201cChicho\u201d Basile y Horacio Valdez, todos miembros de Principios y Valores; all\u00ed el economista escuch\u00f3 las preocupaciones de los vecinos.<\/p>\n<p>Posteriormente, todos se dirigieron al acto principal en el club Ciudadela Norte. En ese marco tuvo lugar la conferencia de prensa. Consultado por Gu\u00eda de Noticias, Guillermo Moreno habl\u00f3 sobre la importancia de Tres de Febrero para el peronismo: \u201cEste es un distrito que siempre tuvo un intendente peronista y hace algunos a\u00f1os que esta situaci\u00f3n cambi\u00f3, pero hay que volver a intentar que est\u00e9 en la buena senda. Diego Valenzuela tiene una caracter\u00edstica particular, como todo el PRO, se desentiende de las actividades productivas. Y a la larga, si no hay producci\u00f3n ni trabajo, se deteriora todo\u201d.<\/p>\n<p><img loading=\"lazy\" decoding=\"async\" class=\"wp-image-23009 aligncenter\" src=\"https:\/\/guiadenoticias.com.ar\/diario\/wp-content\/uploads\/2024\/08\/Zara2-scaled.jpg\" alt=\"\" width=\"603\" height=\"402\" srcset=\"https:\/\/guiadenoticias.com.ar\/diario\/wp-content\/uploads\/2024\/08\/Zara2-scaled.jpg 2560w, https:\/\/guiadenoticias.com.ar\/diario\/wp-content\/uploads\/2024\/08\/Zara2-300x200.jpg 300w, https:\/\/guiadenoticias.com.ar\/diario\/wp-content\/uploads\/2024\/08\/Zara2-1024x683.jpg 1024w, https:\/\/guiadenoticias.com.ar\/diario\/wp-content\/uploads\/2024\/08\/Zara2-768x512.jpg 768w, https:\/\/guiadenoticias.com.ar\/diario\/wp-content\/uploads\/2024\/08\/Zara2-1536x1024.jpg 1536w, https:\/\/guiadenoticias.com.ar\/diario\/wp-content\/uploads\/2024\/08\/Zara2-2048x1365.jpg 2048w, https:\/\/guiadenoticias.com.ar\/diario\/wp-content\/uploads\/2024\/08\/Zara2-630x420.jpg 630w, https:\/\/guiadenoticias.com.ar\/diario\/wp-content\/uploads\/2024\/08\/Zara2-696x464.jpg 696w, https:\/\/guiadenoticias.com.ar\/diario\/wp-content\/uploads\/2024\/08\/Zara2-1068x712.jpg 1068w\" sizes=\"auto, (max-width: 603px) 100vw, 603px\" \/><\/p>\n<p>Desde el escenario explic\u00f3 su decisi\u00f3n de respaldar a Zaragoza como referente de Principios y Valores: \u201cEstamos reorganizando el peronismo de abajo hacia arriba. Juan Pablo dio el paso al frente, logr\u00f3 que sus compa\u00f1eros peronistas se encolumnen en nuestras ideas y valores, lo acompa\u00f1aron y hoy tiene su oportunidad\u201d.<\/p>\n<p>Moreno no solo expres\u00f3 su preocupaci\u00f3n por la situaci\u00f3n econ\u00f3mica del pa\u00eds, sino que reafirm\u00f3 su confianza en la resiliencia del movimiento peronista: \u201cEl esquema econ\u00f3mico del Gobierno fracas\u00f3 y esto a la larga termina mal. Ya concluy\u00f3 as\u00ed con Mauricio Macri, y ahora con Javier Milei. Nosotros venimos a decir que el peronismo est\u00e1 de pie\u201d.<\/p>\n<p>Por su parte, Juan Pablo Zaragoza destac\u00f3 la importancia de las propuestas del ex funcionario en el contexto distrital. \u201cGuillermo prepondera un modelo econ\u00f3mico, tiene un plan de gobierno, en la que la base estructural es solamente la reindustrializaci\u00f3n. Tres de Febrero necesita, y es indispensable, pol\u00edticas p\u00fablicas que le den fortalecimiento a las Pymes, a las industrias, y en ese sentido generar trabajo\u201d.<\/p>\n","protected":false},"excerpt":{"rendered":"<p>Por Alan Mineo El club Ciudadela Norte se transform\u00f3 en un hervidero, donde militantes y vecinos se reunieron para recibir al ex secretario de Comercio Interior y l\u00edder del espacio Principios y Valores, Guillermo Moreno. El ambiente, cargado de c\u00e1nticos y banderas, anticipaba un acto que no pone en valor el peronismo local, sino que [&hellip;]<\/p>\n","protected":false},"author":1,"featured_media":23015,"comment_status":"closed","ping_status":"closed","sticky":false,"template":"","format":"standard","meta":{"footnotes":""},"categories":[70,20,48,26],"tags":[138],"class_list":{"0":"post-23007","1":"post","2":"type-post","3":"status-publish","4":"format-standard","5":"has-post-thumbnail","7":"category-las-mas-leidas","8":"category-municipios","9":"category-politica-argentina","10":"category-tres-de-febrero","11":"tag-pj"},"aioseo_notices":[],"_links":{"self":[{"href":"https:\/\/guiadenoticias.com.ar\/diario\/wp-json\/wp\/v2\/posts\/23007","targetHints":{"allow":["GET"]}}],"collection":[{"href":"https:\/\/guiadenoticias.com.ar\/diario\/wp-json\/wp\/v2\/posts"}],"about":[{"href":"https:\/\/guiadenoticias.com.ar\/diario\/wp-json\/wp\/v2\/types\/post"}],"author":[{"embeddable":true,"href":"https:\/\/guiadenoticias.com.ar\/diario\/wp-json\/wp\/v2\/users\/1"}],"replies":[{"embeddable":true,"href":"https:\/\/guiadenoticias.com.ar\/diario\/wp-json\/wp\/v2\/comments?post=23007"}],"version-history":[{"count":1,"href":"https:\/\/guiadenoticias.com.ar\/diario\/wp-json\/wp\/v2\/posts\/23007\/revisions"}],"predecessor-version":[{"id":23011,"href":"https:\/\/guiadenoticias.com.ar\/diario\/wp-json\/wp\/v2\/posts\/23007\/revisions\/23011"}],"wp:featuredmedia":[{"embeddable":true,"href":"https:\/\/guiadenoticias.com.ar\/diario\/wp-json\/wp\/v2\/media\/23015"}],"wp:attachment":[{"href":"https:\/\/guiadenoticias.com.ar\/diario\/wp-json\/wp\/v2\/media?parent=23007"}],"wp:term":[{"taxonomy":"category","embeddable":true,"href":"https:\/\/guiadenoticias.com.ar\/diario\/wp-json\/wp\/v2\/categories?post=23007"},{"taxonomy":"post_tag","embeddable":true,"href":"https:\/\/guiadenoticias.com.ar\/diario\/wp-json\/wp\/v2\/tags?post=23007"}],"curies":[{"name":"wp","href":"https:\/\/api.w.org\/{rel}","templated":true}]}}