{"id":23023,"date":"2024-08-14T21:00:40","date_gmt":"2024-08-15T00:00:40","guid":{"rendered":"https:\/\/guiadenoticias.com.ar\/diario\/?p=23023"},"modified":"2024-08-19T01:45:30","modified_gmt":"2024-08-19T04:45:30","slug":"sabbatella-la-democracia-argentina-necesita-saber-quien-mando-a-matar-a-cristina","status":"publish","type":"post","link":"https:\/\/guiadenoticias.com.ar\/diario\/sabbatella-la-democracia-argentina-necesita-saber-quien-mando-a-matar-a-cristina\/","title":{"rendered":"Sabbatella: \u201cLa democracia argentina necesita saber qui\u00e9n mand\u00f3 a matar a Cristina\u201d"},"content":{"rendered":"<p>El presidente de Nuevo Encuentro, Mart\u00edn Sabbatella, desde Comodoro Py, pidi\u00f3 a la Justicia que investigue a fondo a los autores materiales, intelectuales y financieros que \u201cest\u00e1n detr\u00e1s del intento de magnicidio\u201d contra Cristina Fern\u00e1ndez de Kirchner, hecho al que calific\u00f3 como \u201cel episodio de violencia pol\u00edtica m\u00e1s grave desde el retorno de la democracia\u201d.<\/p>\n<p>Este mi\u00e9rcoles la expresidenta declar\u00f3 en el juicio oral por el intento de magnicidio. En ese sentido, Sabbatella asegur\u00f3, \u201cla democracia argentina necesita saber qui\u00e9n mand\u00f3 a matar a Cristina, es decir, los responsables materiales del hecho, pero, adem\u00e1s, los responsables ideol\u00f3gicos y financieros\u201d.<\/p>\n<p>El exintendente de Mor\u00f3n consider\u00f3 que \u201cel futuro necesita que la violencia pol\u00edtica sea desterrada de nuestra vida democr\u00e1tica. Necesitamos que se esclarezca qui\u00e9nes estuvieron detr\u00e1s de todo esto\u201d.<\/p>\n<p>\u201cSabemos que existi\u00f3 el financiamiento millonario de la familia Caputo, que el diputado del PRO y asesor de Patricia Bullrich, Gerardo Milman, sab\u00eda con anticipaci\u00f3n del ataque y que se borr\u00f3 informaci\u00f3n clave en celulares de implicados. Si se sostiene el pacto de impunidad pol\u00edtico-judicial no habr\u00e1 justicia, esto debe ser advertido con firmeza\u201d, finaliz\u00f3 el dirigente kirchnerista.<\/p>\n","protected":false},"excerpt":{"rendered":"<p>El presidente de Nuevo Encuentro, Mart\u00edn Sabbatella, desde Comodoro Py, pidi\u00f3 a la Justicia que investigue a fondo a los autores materiales, intelectuales y financieros que \u201cest\u00e1n detr\u00e1s del intento de magnicidio\u201d contra Cristina Fern\u00e1ndez de Kirchner, hecho al que calific\u00f3 como \u201cel episodio de violencia pol\u00edtica m\u00e1s grave desde el retorno de la democracia\u201d. [&hellip;]<\/p>\n","protected":false},"author":1,"featured_media":23024,"comment_status":"closed","ping_status":"closed","sticky":false,"template":"","format":"standard","meta":{"footnotes":""},"categories":[20,30,48],"tags":[88,93,213],"class_list":{"0":"post-23023","1":"post","2":"type-post","3":"status-publish","4":"format-standard","5":"has-post-thumbnail","7":"category-municipios","8":"category-nacion","9":"category-politica-argentina","10":"tag-cristina-fernandez","11":"tag-martin-sabbatella","12":"tag-nuevo-encuentro"},"aioseo_notices":[],"_links":{"self":[{"href":"https:\/\/guiadenoticias.com.ar\/diario\/wp-json\/wp\/v2\/posts\/23023","targetHints":{"allow":["GET"]}}],"collection":[{"href":"https:\/\/guiadenoticias.com.ar\/diario\/wp-json\/wp\/v2\/posts"}],"about":[{"href":"https:\/\/guiadenoticias.com.ar\/diario\/wp-json\/wp\/v2\/types\/post"}],"author":[{"embeddable":true,"href":"https:\/\/guiadenoticias.com.ar\/diario\/wp-json\/wp\/v2\/users\/1"}],"replies":[{"embeddable":true,"href":"https:\/\/guiadenoticias.com.ar\/diario\/wp-json\/wp\/v2\/comments?post=23023"}],"version-history":[{"count":1,"href":"https:\/\/guiadenoticias.com.ar\/diario\/wp-json\/wp\/v2\/posts\/23023\/revisions"}],"predecessor-version":[{"id":23026,"href":"https:\/\/guiadenoticias.com.ar\/diario\/wp-json\/wp\/v2\/posts\/23023\/revisions\/23026"}],"wp:featuredmedia":[{"embeddable":true,"href":"https:\/\/guiadenoticias.com.ar\/diario\/wp-json\/wp\/v2\/media\/23024"}],"wp:attachment":[{"href":"https:\/\/guiadenoticias.com.ar\/diario\/wp-json\/wp\/v2\/media?parent=23023"}],"wp:term":[{"taxonomy":"category","embeddable":true,"href":"https:\/\/guiadenoticias.com.ar\/diario\/wp-json\/wp\/v2\/categories?post=23023"},{"taxonomy":"post_tag","embeddable":true,"href":"https:\/\/guiadenoticias.com.ar\/diario\/wp-json\/wp\/v2\/tags?post=23023"}],"curies":[{"name":"wp","href":"https:\/\/api.w.org\/{rel}","templated":true}]}}