{"id":23043,"date":"2024-08-12T22:00:08","date_gmt":"2024-08-13T01:00:08","guid":{"rendered":"https:\/\/guiadenoticias.com.ar\/diario\/?p=23043"},"modified":"2024-08-22T01:50:31","modified_gmt":"2024-08-22T04:50:31","slug":"homenaje-masivo-a-cerati-en-vilo","status":"publish","type":"post","link":"https:\/\/guiadenoticias.com.ar\/diario\/homenaje-masivo-a-cerati-en-vilo\/","title":{"rendered":"Homenaje masivo a Cerati en Vilo"},"content":{"rendered":"<p>El domingo 11 de agosto se record\u00f3 los 65 a\u00f1os del nacimiento de uno de los emblemas del rock nacional, Gustavo Cerati, en la Costanera de Vicente L\u00f3pez. El homenaje convoc\u00f3 a m\u00e1s de 1300 artistas que cantaron y tocaron en vivo \u201cDe M\u00fasica Ligera\u201d.<\/p>\n<p>La celebraci\u00f3n, denominada \u201cOnce, tu cumplea\u00f1os: homenaje a Gustavo Cerati\u201d, fue organizada por Vorterix junto con la Municipalidad de Vicente L\u00f3pez.<\/p>\n<p>Cerati hab\u00eda sido vecino hasta su fallecimiento, en el a\u00f1o 2014. Adem\u00e1s de habitar el barrio, all\u00ed hab\u00eda instalado sus estudios de grabaci\u00f3n \u201cUn\u00edsono\u201d, donde edit\u00f3 discos tales como \u201cFuerza Natural\u201d y \u201c Sep7imo D\u00eda\u201d. Tambi\u00e9n pasaron por la sala de grabaci\u00f3n artistas tales como Fito P\u00e1ez y Fabiana Cantillo.<\/p>\n<p>El evento cont\u00f3 con m\u00e1s de cien micr\u00f3fonos, instrumentos, drones, parlantes, c\u00e1maras; y concurrieron grupos de fan\u00e1ticos, que fueron vestidos con remeras originales de Soda Stereo, familias y amigos.<\/p>\n<p>Tambi\u00e9n participaron diversos DJs que fueron los encargados de ponerle m\u00fasica a la previa de la jornada con repertorios de la trayectoria del l\u00edder como solista y de la banda compuesta por Charly Alberti y Zeta.<\/p>\n<p>El propio Mario Pergolini fue el encargado de la conducci\u00f3n. Desde el escenario y a modo de gu\u00eda musical, estuvo Andrea \u00c1lvarez (que grab\u00f3 en el disco) en bater\u00eda y el apoyo vocal del Coro Kennedy. La mezcla de audio final qued\u00f3 a cargo del tecladista, productor e hist\u00f3rico colaborador de Cerati, Tweety Gonz\u00e1lez.<\/p>\n<p>Para el cierre del homenaje, todas las personas all\u00ed presentes cantaron y tocaron al un\u00edsono \u201cDe M\u00fasica Ligera\u201d, que fue elegida como la mejor canci\u00f3n de rock de Iberoam\u00e9rica de toda la historia.<\/p>\n","protected":false},"excerpt":{"rendered":"<p>El domingo 11 de agosto se record\u00f3 los 65 a\u00f1os del nacimiento de uno de los emblemas del rock nacional, Gustavo Cerati, en la Costanera de Vicente L\u00f3pez. El homenaje convoc\u00f3 a m\u00e1s de 1300 artistas que cantaron y tocaron en vivo \u201cDe M\u00fasica Ligera\u201d. La celebraci\u00f3n, denominada \u201cOnce, tu cumplea\u00f1os: homenaje a Gustavo Cerati\u201d, [&hellip;]<\/p>\n","protected":false},"author":1,"featured_media":23044,"comment_status":"closed","ping_status":"closed","sticky":false,"template":"","format":"standard","meta":{"footnotes":""},"categories":[50,19,20],"tags":[],"class_list":{"0":"post-23043","1":"post","2":"type-post","3":"status-publish","4":"format-standard","5":"has-post-thumbnail","7":"category-cultura","8":"category-informacion-general","9":"category-municipios"},"aioseo_notices":[],"_links":{"self":[{"href":"https:\/\/guiadenoticias.com.ar\/diario\/wp-json\/wp\/v2\/posts\/23043","targetHints":{"allow":["GET"]}}],"collection":[{"href":"https:\/\/guiadenoticias.com.ar\/diario\/wp-json\/wp\/v2\/posts"}],"about":[{"href":"https:\/\/guiadenoticias.com.ar\/diario\/wp-json\/wp\/v2\/types\/post"}],"author":[{"embeddable":true,"href":"https:\/\/guiadenoticias.com.ar\/diario\/wp-json\/wp\/v2\/users\/1"}],"replies":[{"embeddable":true,"href":"https:\/\/guiadenoticias.com.ar\/diario\/wp-json\/wp\/v2\/comments?post=23043"}],"version-history":[{"count":1,"href":"https:\/\/guiadenoticias.com.ar\/diario\/wp-json\/wp\/v2\/posts\/23043\/revisions"}],"predecessor-version":[{"id":23046,"href":"https:\/\/guiadenoticias.com.ar\/diario\/wp-json\/wp\/v2\/posts\/23043\/revisions\/23046"}],"wp:featuredmedia":[{"embeddable":true,"href":"https:\/\/guiadenoticias.com.ar\/diario\/wp-json\/wp\/v2\/media\/23044"}],"wp:attachment":[{"href":"https:\/\/guiadenoticias.com.ar\/diario\/wp-json\/wp\/v2\/media?parent=23043"}],"wp:term":[{"taxonomy":"category","embeddable":true,"href":"https:\/\/guiadenoticias.com.ar\/diario\/wp-json\/wp\/v2\/categories?post=23043"},{"taxonomy":"post_tag","embeddable":true,"href":"https:\/\/guiadenoticias.com.ar\/diario\/wp-json\/wp\/v2\/tags?post=23043"}],"curies":[{"name":"wp","href":"https:\/\/api.w.org\/{rel}","templated":true}]}}