{"id":23080,"date":"2024-08-19T22:00:06","date_gmt":"2024-08-20T01:00:06","guid":{"rendered":"https:\/\/guiadenoticias.com.ar\/diario\/?p=23080"},"modified":"2024-08-25T03:25:04","modified_gmt":"2024-08-25T06:25:04","slug":"charla-en-san-martin-sobre-el-modelo-industrial-argentino","status":"publish","type":"post","link":"https:\/\/guiadenoticias.com.ar\/diario\/charla-en-san-martin-sobre-el-modelo-industrial-argentino\/","title":{"rendered":"Charla en San Mart\u00edn sobre el modelo industrial argentino"},"content":{"rendered":"<p>En el coraz\u00f3n del Parque Yrigoyen, en el municipio de San Mart\u00edn, se llev\u00f3 a cabo una charla-debate que reuni\u00f3 a referentes de la industria y del sector p\u00fablico, bajo el lema \u00abModelo industrial y productivo para una Argentina con desarrollo\u00bb. Este evento busc\u00f3 analizar y discutir las estrategias necesarias para impulsar la industria nacional, particularmente desde la perspectiva del trabajador empresario PyME. H\u00e9ctor Daer, secretario general de la CGT, fue el orador principal.<\/p>\n<p>En medio de un contexto de crisis con \u00edndices alarmantes de pobreza y recesi\u00f3n, los organizadores destacaron la necesidad de un \u00abcontrol de da\u00f1os\u00bb que permita vislumbrar un futuro m\u00e1s prometedor para la industria nacional. El trabajo, plantearon los panelistas, se convierte en un valor fundamental para enfrentar estos desaf\u00edos, siempre y cuando \u201cse cuente con un Estado comprometido con la promoci\u00f3n de la industria, el acceso al cr\u00e9dito, y la creaci\u00f3n de condiciones favorables para el empleo de calidad y el valor agregado a la producci\u00f3n\u201d.<\/p>\n<p>El evento fue organizado por la CGT Regional San Mart\u00edn y cont\u00f3 con la participaci\u00f3n de Juan Ciolli, presidente de la C\u00e1mara Econ\u00f3mica Sanmartinense; Octavio Arguello, secretario de Camioneros San Mart\u00edn\/Tres de Febrero; Tom\u00e1s Canosa, economista de la fundaci\u00f3n FUNDAR y ex subsecretario Pyme del Ministerio de Econom\u00eda; Ver\u00f3nica Robert, ex subsecretaria de Estrategia para el Desarrollo; Sergio Escalante, secretario Adjunto de los trabajadores de la Industria de la Alimentaci\u00f3n y miembro de la CGT; Alejandro Tsolis, secretario de Producci\u00f3n y Desarrollo Econ\u00f3mico de San Mart\u00edn, y Pascual Saccomanno, subsecretario de la Producci\u00f3n y Desarrollo Econ\u00f3mico.<\/p>\n<p>Adem\u00e1s, entre el p\u00fablico se encontraban autoridades de diversos gremios, como Jorge Deantoni, secretario General de La Bancaria San Mart\u00edn\/Tres de Febrero, y Pablo Garc\u00eda, de ATE San Mart\u00edn.<\/p>\n<p>En ese contexto, H\u00e9ctor Daer se\u00f1al\u00f3: \u00abEstamos frente a un escenario in\u00e9dito, en el cual nos cuesta sacar la concepci\u00f3n tradicional de la pol\u00edtica que tenemos todos nosotros. No podemos entender que alguien llegue a gobernar el Estado para que \u00e9ste desaparezca\u00bb.<\/p>\n<p>Juan Ciolli, por su parte, manifest\u00f3 \u201cla preocupaci\u00f3n por la situaci\u00f3n que atravesamos. No solamente en el plano actual de la coyuntura, sino por lo que se viene. Es importante que empecemos a militar esta situaci\u00f3n, a transmitir al resto de la sociedad lo que pasamos en todos los sectores, de todas las actividades\u201d.<\/p>\n<p>El encuentro culmin\u00f3 con un llamado a la acci\u00f3n conjunta entre trabajadores, empresarios y Estado, para trazar un camino hacia una Argentina con un modelo productivo m\u00e1s inclusivo y sustentable. Los organizadores destacaron la importancia de seguir generando espacios de debate y reflexi\u00f3n.<\/p>\n","protected":false},"excerpt":{"rendered":"<p>En el coraz\u00f3n del Parque Yrigoyen, en el municipio de San Mart\u00edn, se llev\u00f3 a cabo una charla-debate que reuni\u00f3 a referentes de la industria y del sector p\u00fablico, bajo el lema \u00abModelo industrial y productivo para una Argentina con desarrollo\u00bb. Este evento busc\u00f3 analizar y discutir las estrategias necesarias para impulsar la industria nacional, [&hellip;]<\/p>\n","protected":false},"author":1,"featured_media":23081,"comment_status":"closed","ping_status":"closed","sticky":false,"template":"","format":"standard","meta":{"footnotes":""},"categories":[49,20,48,24],"tags":[192,275],"class_list":{"0":"post-23080","1":"post","2":"type-post","3":"status-publish","4":"format-standard","5":"has-post-thumbnail","7":"category-economia-y-gremiales","8":"category-municipios","9":"category-politica-argentina","10":"category-san-martin","11":"tag-cgt","12":"tag-hector-daer"},"aioseo_notices":[],"_links":{"self":[{"href":"https:\/\/guiadenoticias.com.ar\/diario\/wp-json\/wp\/v2\/posts\/23080","targetHints":{"allow":["GET"]}}],"collection":[{"href":"https:\/\/guiadenoticias.com.ar\/diario\/wp-json\/wp\/v2\/posts"}],"about":[{"href":"https:\/\/guiadenoticias.com.ar\/diario\/wp-json\/wp\/v2\/types\/post"}],"author":[{"embeddable":true,"href":"https:\/\/guiadenoticias.com.ar\/diario\/wp-json\/wp\/v2\/users\/1"}],"replies":[{"embeddable":true,"href":"https:\/\/guiadenoticias.com.ar\/diario\/wp-json\/wp\/v2\/comments?post=23080"}],"version-history":[{"count":1,"href":"https:\/\/guiadenoticias.com.ar\/diario\/wp-json\/wp\/v2\/posts\/23080\/revisions"}],"predecessor-version":[{"id":23083,"href":"https:\/\/guiadenoticias.com.ar\/diario\/wp-json\/wp\/v2\/posts\/23080\/revisions\/23083"}],"wp:featuredmedia":[{"embeddable":true,"href":"https:\/\/guiadenoticias.com.ar\/diario\/wp-json\/wp\/v2\/media\/23081"}],"wp:attachment":[{"href":"https:\/\/guiadenoticias.com.ar\/diario\/wp-json\/wp\/v2\/media?parent=23080"}],"wp:term":[{"taxonomy":"category","embeddable":true,"href":"https:\/\/guiadenoticias.com.ar\/diario\/wp-json\/wp\/v2\/categories?post=23080"},{"taxonomy":"post_tag","embeddable":true,"href":"https:\/\/guiadenoticias.com.ar\/diario\/wp-json\/wp\/v2\/tags?post=23080"}],"curies":[{"name":"wp","href":"https:\/\/api.w.org\/{rel}","templated":true}]}}