{"id":23087,"date":"2024-08-24T18:00:00","date_gmt":"2024-08-24T21:00:00","guid":{"rendered":"https:\/\/guiadenoticias.com.ar\/diario\/?p=23087"},"modified":"2024-09-12T03:08:15","modified_gmt":"2024-09-12T06:08:15","slug":"kicillof-y-moreira-inauguraron-el-primer-congreso-de-educacion-de-san-martin","status":"publish","type":"post","link":"https:\/\/guiadenoticias.com.ar\/diario\/kicillof-y-moreira-inauguraron-el-primer-congreso-de-educacion-de-san-martin\/","title":{"rendered":"Kicillof y Moreira inauguraron el Primer Congreso de Educaci\u00f3n de San Mart\u00edn"},"content":{"rendered":"<p>El gobernador Axel Kicillof, el intendente Fernando Moreira, el director general de Cultura y Educaci\u00f3n de la Provincia, Alberto Sileoni; el rector de la UNSAM, Carlos Greco, y la coordinadora general del evento, Nancy Cappelloni, encabezaron la apertura del primer Congreso de Educaci\u00f3n de la ciudad.<\/p>\n<p>All\u00ed se dieron cita m\u00e1s de 80 especialistas y seg\u00fan destac\u00f3 Moreira, \u00abquienes lo organizamos compartimos una mirada com\u00fan sobre la importancia de la educaci\u00f3n p\u00fablica y la necesidad de fortalecerla juntos, porque es un motor fundamental del progreso comunitario que queremos para San Mart\u00edn y el pa\u00eds\u00bb.<\/p>\n<p>Por su parte, <strong>el gobernador afirm\u00f3: \u201cEste congreso es de profundo inter\u00e9s, por eso la convocatoria y la cantidad de inscripciones para participar de las mesas y ponencias. Tambi\u00e9n es muy importante el abordaje tem\u00e1tico y el contenido que se prepar\u00f3, que le dan sentido y cuerpo a este evento\u201d.<\/strong><\/p>\n<p>Sileoni aport\u00f3 en su discurso que hubo 6.500 inscriptos. La organizadora, Nancy <strong>Cappelloni<\/strong>, asimismo se\u00f1al\u00f3 que \u201cen San Mart\u00edn tenemos la convicci\u00f3n que la educaci\u00f3n es el pilar fundamental para la transformaci\u00f3n y el desarrollo de las personas y su comunidad. Por eso, <strong>frente al ataque que la educaci\u00f3n p\u00fablica en su conjunto est\u00e1 recibiendo, tenemos que unirnos y fortalecer las iniciativas que nos permitan llegar a todo el territorio con esta poderosa herramienta de progreso\u201d.<\/strong><\/p>\n<p>Tambi\u00e9n estuvieron presentes el ministro de Infraestructura y Servicios P\u00fablicos, Gabriel Katopodis, el obispo de San Mart\u00edn, Mart\u00edn Fassi, intendentes, representantes de UNICEF, autoridades universitarias, empresariales, eclesi\u00e1sticas, sindicales, provinciales y municipales, as\u00ed como de diversas organizaciones e instituciones.<\/p>\n<p>En total, participaron 12 universidades nacionales, representantes de m\u00e1s de 25 ciudades y hubo 14 sedes. El congreso llev\u00f3 como lema \u201cIdentidad, desaf\u00edos y futuro\u201d, y const\u00f3 de tres ejes organizadores: la educaci\u00f3n como tejido comunitario; estrategias para la inclusi\u00f3n y el aprendizaje efectivo; di\u00e1logos entre educaci\u00f3n y trabajo.<\/p>\n<p>La iniciativa fue organizada por el Municipio, en conjunto con el Gobierno de la Provincia y la Universidad Nacional de San Mart\u00edn (UNSAM), con el objetivo que estudiantes, docentes y directivos de la educaci\u00f3n formal, no formal y comunitaria compartan experiencias y fortalezcan sus pr\u00e1cticas.<\/p>\n","protected":false},"excerpt":{"rendered":"<p>El gobernador Axel Kicillof, el intendente Fernando Moreira, el director general de Cultura y Educaci\u00f3n de la Provincia, Alberto Sileoni; el rector de la UNSAM, Carlos Greco, y la coordinadora general del evento, Nancy Cappelloni, encabezaron la apertura del primer Congreso de Educaci\u00f3n de la ciudad. All\u00ed se dieron cita m\u00e1s de 80 especialistas y [&hellip;]<\/p>\n","protected":false},"author":1,"featured_media":23088,"comment_status":"closed","ping_status":"closed","sticky":false,"template":"","format":"standard","meta":{"footnotes":""},"categories":[70,20,48,24],"tags":[83,131,74,85],"class_list":{"0":"post-23087","1":"post","2":"type-post","3":"status-publish","4":"format-standard","5":"has-post-thumbnail","7":"category-las-mas-leidas","8":"category-municipios","9":"category-politica-argentina","10":"category-san-martin","11":"tag-axel-kicillof","12":"tag-educacion","13":"tag-fernando-moreira","14":"tag-gabriel-katopodis"},"aioseo_notices":[],"_links":{"self":[{"href":"https:\/\/guiadenoticias.com.ar\/diario\/wp-json\/wp\/v2\/posts\/23087","targetHints":{"allow":["GET"]}}],"collection":[{"href":"https:\/\/guiadenoticias.com.ar\/diario\/wp-json\/wp\/v2\/posts"}],"about":[{"href":"https:\/\/guiadenoticias.com.ar\/diario\/wp-json\/wp\/v2\/types\/post"}],"author":[{"embeddable":true,"href":"https:\/\/guiadenoticias.com.ar\/diario\/wp-json\/wp\/v2\/users\/1"}],"replies":[{"embeddable":true,"href":"https:\/\/guiadenoticias.com.ar\/diario\/wp-json\/wp\/v2\/comments?post=23087"}],"version-history":[{"count":1,"href":"https:\/\/guiadenoticias.com.ar\/diario\/wp-json\/wp\/v2\/posts\/23087\/revisions"}],"predecessor-version":[{"id":23090,"href":"https:\/\/guiadenoticias.com.ar\/diario\/wp-json\/wp\/v2\/posts\/23087\/revisions\/23090"}],"wp:featuredmedia":[{"embeddable":true,"href":"https:\/\/guiadenoticias.com.ar\/diario\/wp-json\/wp\/v2\/media\/23088"}],"wp:attachment":[{"href":"https:\/\/guiadenoticias.com.ar\/diario\/wp-json\/wp\/v2\/media?parent=23087"}],"wp:term":[{"taxonomy":"category","embeddable":true,"href":"https:\/\/guiadenoticias.com.ar\/diario\/wp-json\/wp\/v2\/categories?post=23087"},{"taxonomy":"post_tag","embeddable":true,"href":"https:\/\/guiadenoticias.com.ar\/diario\/wp-json\/wp\/v2\/tags?post=23087"}],"curies":[{"name":"wp","href":"https:\/\/api.w.org\/{rel}","templated":true}]}}