{"id":23107,"date":"2024-08-30T23:00:58","date_gmt":"2024-08-31T02:00:58","guid":{"rendered":"https:\/\/guiadenoticias.com.ar\/diario\/?p=23107"},"modified":"2024-09-25T01:08:45","modified_gmt":"2024-09-25T04:08:45","slug":"el-municipio-fue-autorizado-a-pedir-prestamo-para-obras-publicas","status":"publish","type":"post","link":"https:\/\/guiadenoticias.com.ar\/diario\/el-municipio-fue-autorizado-a-pedir-prestamo-para-obras-publicas\/","title":{"rendered":"El Municipio fue autorizado a pedir pr\u00e9stamo para obras p\u00fablicas"},"content":{"rendered":"<p>Durante la \u00faltima sesi\u00f3n ordinaria en el Concejo Deliberante de Mor\u00f3n aprobaron el proyecto de lucha contra la ludopat\u00eda y homenajearon a un ex dirigente radical. Adem\u00e1s, Mayores Contribuyentes trataron la autorizaci\u00f3n al Ejecutivo para solicitar un pr\u00e9stamo.<\/p>\n<p>Respecto al \u00faltimo punto, las y los ediles realizaron un minuto de silencio en memoria de Carlos Legorburu, ex presidente de la UCR Mor\u00f3n y actual concejal suplente, quien falleci\u00f3 el mi\u00e9rcoles 21 de agosto. Tambi\u00e9n declararon de Inter\u00e9s Deliberativo del 40\u00ba aniversario del Espacio de Artes Visuales Villa Mecenas.<\/p>\n<p>Por unanimidad de todos los bloques pol\u00edticos dieron el visto bueno a la creaci\u00f3n del \u201cPlan Integral Contra la Ludopat\u00eda Digital\u201d, cuyo objetivo es concientizar a la ciudadan\u00eda sobre la existencia de la ludopat\u00eda digital, sus s\u00edntomas y formas de prevenci\u00f3n.<\/p>\n<p>M\u00e1s tarde tuvo lugar <strong>la Asamblea de Concejales y Mayores Contribuyentes, en la cual se aprob\u00f3 la solicitud de un pr\u00e9stamo al Banco de la Provincia de Buenos Aires por 1.000 millones de pesos para la realizaci\u00f3n de bacheo de hormig\u00f3n y la compra de nuevas luminarias led.<\/strong><\/p>\n","protected":false},"excerpt":{"rendered":"<p>Durante la \u00faltima sesi\u00f3n ordinaria en el Concejo Deliberante de Mor\u00f3n aprobaron el proyecto de lucha contra la ludopat\u00eda y homenajearon a un ex dirigente radical. Adem\u00e1s, Mayores Contribuyentes trataron la autorizaci\u00f3n al Ejecutivo para solicitar un pr\u00e9stamo. Respecto al \u00faltimo punto, las y los ediles realizaron un minuto de silencio en memoria de Carlos [&hellip;]<\/p>\n","protected":false},"author":1,"featured_media":23108,"comment_status":"closed","ping_status":"closed","sticky":false,"template":"","format":"standard","meta":{"footnotes":""},"categories":[70,28,20,48],"tags":[139,144],"class_list":{"0":"post-23107","1":"post","2":"type-post","3":"status-publish","4":"format-standard","5":"has-post-thumbnail","7":"category-las-mas-leidas","8":"category-moron","9":"category-municipios","10":"category-politica-argentina","11":"tag-concejo-deliberante","12":"tag-obras-publicas"},"aioseo_notices":[],"_links":{"self":[{"href":"https:\/\/guiadenoticias.com.ar\/diario\/wp-json\/wp\/v2\/posts\/23107","targetHints":{"allow":["GET"]}}],"collection":[{"href":"https:\/\/guiadenoticias.com.ar\/diario\/wp-json\/wp\/v2\/posts"}],"about":[{"href":"https:\/\/guiadenoticias.com.ar\/diario\/wp-json\/wp\/v2\/types\/post"}],"author":[{"embeddable":true,"href":"https:\/\/guiadenoticias.com.ar\/diario\/wp-json\/wp\/v2\/users\/1"}],"replies":[{"embeddable":true,"href":"https:\/\/guiadenoticias.com.ar\/diario\/wp-json\/wp\/v2\/comments?post=23107"}],"version-history":[{"count":1,"href":"https:\/\/guiadenoticias.com.ar\/diario\/wp-json\/wp\/v2\/posts\/23107\/revisions"}],"predecessor-version":[{"id":23110,"href":"https:\/\/guiadenoticias.com.ar\/diario\/wp-json\/wp\/v2\/posts\/23107\/revisions\/23110"}],"wp:featuredmedia":[{"embeddable":true,"href":"https:\/\/guiadenoticias.com.ar\/diario\/wp-json\/wp\/v2\/media\/23108"}],"wp:attachment":[{"href":"https:\/\/guiadenoticias.com.ar\/diario\/wp-json\/wp\/v2\/media?parent=23107"}],"wp:term":[{"taxonomy":"category","embeddable":true,"href":"https:\/\/guiadenoticias.com.ar\/diario\/wp-json\/wp\/v2\/categories?post=23107"},{"taxonomy":"post_tag","embeddable":true,"href":"https:\/\/guiadenoticias.com.ar\/diario\/wp-json\/wp\/v2\/tags?post=23107"}],"curies":[{"name":"wp","href":"https:\/\/api.w.org\/{rel}","templated":true}]}}