{"id":23115,"date":"2024-08-29T22:00:14","date_gmt":"2024-08-30T01:00:14","guid":{"rendered":"https:\/\/guiadenoticias.com.ar\/diario\/?p=23115"},"modified":"2024-09-20T04:43:16","modified_gmt":"2024-09-20T07:43:16","slug":"valenzuela-presento-la-fundacion-labor","status":"publish","type":"post","link":"https:\/\/guiadenoticias.com.ar\/diario\/valenzuela-presento-la-fundacion-labor\/","title":{"rendered":"Valenzuela present\u00f3 la Fundaci\u00f3n Labor"},"content":{"rendered":"<p>El intendente Diego Valenzuela, junto con un equipo de profesionales, lanzaron la Fundaci\u00f3n Labor, una organizaci\u00f3n no gubernamental que naci\u00f3 para nutrir de an\u00e1lisis, investigaciones e informaci\u00f3n de calidad a la ciudadan\u00eda de Buenos Aires.<\/p>\n<p>\u201cQueremos ayudar a diagnosticar problemas, pensar soluciones y formular pol\u00edticas p\u00fablicas que impulsen un Estado inteligente y promuevan el trabajo, la inversi\u00f3n y el desarrollo urbano. Buenos Aires no es inviable, sino que necesita de reformas profundas en materia econ\u00f3mica, del Estado, de su administraci\u00f3n y claros incentivos para animar al sector privado. Esto es, a emprendedores, empresas, Pymes, industrias y comerciantes\u201d, expres\u00f3 Valenzuela.<\/p>\n<p>Labor tiene como objetivo realizar y divulgar estudios y organizar encuentros entre profesionales para contribuir en la resoluci\u00f3n de temas urgentes de la provincia m\u00e1s populosa del pa\u00eds y tambi\u00e9n de las m\u00e1s pujantes de la Argentina, que a la vez requiere de cambios estructurales<\/p>\n<p>Seg\u00fan el comunicado difundido, \u201cestos cambios exigen un diagn\u00f3stico que ponga de relieve la gravedad de la situaci\u00f3n actual y la construcci\u00f3n de consensos entre todos los actores sobre los planes de acci\u00f3n que permitir\u00e1n reconstruir una provincia capaz de enfrentar los desaf\u00edos actuales y futuros\u201d. Entre los temas m\u00e1s salientes a trabajar est\u00e1n: desarrollo econ\u00f3mico, producci\u00f3n, impuestos, reforma del Estado, simplificaci\u00f3n de procesos y tr\u00e1mites, desarrollo urbano y gesti\u00f3n de suelo, inversi\u00f3n y cultura del trabajo.<\/p>\n<p>Ya se encuentran dos estudios disponibles. El primero sostiene que los bonaerenses se muestran muy preocupados por el alto nivel de carga tributaria y proclives a reducir la intervenci\u00f3n del Estado en la econom\u00eda. A la vez, consideran oportuno reformular los planes sociales vincul\u00e1ndolos mucho m\u00e1s con la empleabilidad. El estudio se llama \u201cEl peso del Estado sobre el desarrollo bonaerense\u201d.<\/p>\n<p>El segundo trabajo se enfoc\u00f3 en la discriminaci\u00f3n a la provincia de Buenos Aires debido a la hist\u00f3rica e inequitativa distribuci\u00f3n del presupuesto nacional por la v\u00eda de la Coparticipaci\u00f3n Federal de Impuestos. El informe tiene por nombre \u201cLa provincia no es inviable, s\u00f3lo debe discutir la coparticipaci\u00f3n\u201d. El documento est\u00e1 a cargo de Josefina Currao, especialista en Finanzas P\u00fablicas, y ya se puede descargar de forma libre desde www.fundacionlabor.com.ar.<\/p>\n<p>Alejandrina Chichizola, CEO de Fundaci\u00f3n Labor, se\u00f1al\u00f3 que \u201cun equipo de profesionales estudiar\u00e1 diferentes temas para ayudarnos a pensar una provincia que no cometa los mismos errores a futuro\u201d.<\/p>\n","protected":false},"excerpt":{"rendered":"<p>El intendente Diego Valenzuela, junto con un equipo de profesionales, lanzaron la Fundaci\u00f3n Labor, una organizaci\u00f3n no gubernamental que naci\u00f3 para nutrir de an\u00e1lisis, investigaciones e informaci\u00f3n de calidad a la ciudadan\u00eda de Buenos Aires. \u201cQueremos ayudar a diagnosticar problemas, pensar soluciones y formular pol\u00edticas p\u00fablicas que impulsen un Estado inteligente y promuevan el trabajo, [&hellip;]<\/p>\n","protected":false},"author":1,"featured_media":23122,"comment_status":"closed","ping_status":"closed","sticky":false,"template":"","format":"standard","meta":{"footnotes":""},"categories":[70,48,31],"tags":[243,72],"class_list":{"0":"post-23115","1":"post","2":"type-post","3":"status-publish","4":"format-standard","5":"has-post-thumbnail","7":"category-las-mas-leidas","8":"category-politica-argentina","9":"category-provincia","10":"tag-buenos-aires","11":"tag-diego-valenzuela"},"aioseo_notices":[],"_links":{"self":[{"href":"https:\/\/guiadenoticias.com.ar\/diario\/wp-json\/wp\/v2\/posts\/23115","targetHints":{"allow":["GET"]}}],"collection":[{"href":"https:\/\/guiadenoticias.com.ar\/diario\/wp-json\/wp\/v2\/posts"}],"about":[{"href":"https:\/\/guiadenoticias.com.ar\/diario\/wp-json\/wp\/v2\/types\/post"}],"author":[{"embeddable":true,"href":"https:\/\/guiadenoticias.com.ar\/diario\/wp-json\/wp\/v2\/users\/1"}],"replies":[{"embeddable":true,"href":"https:\/\/guiadenoticias.com.ar\/diario\/wp-json\/wp\/v2\/comments?post=23115"}],"version-history":[{"count":1,"href":"https:\/\/guiadenoticias.com.ar\/diario\/wp-json\/wp\/v2\/posts\/23115\/revisions"}],"predecessor-version":[{"id":23118,"href":"https:\/\/guiadenoticias.com.ar\/diario\/wp-json\/wp\/v2\/posts\/23115\/revisions\/23118"}],"wp:featuredmedia":[{"embeddable":true,"href":"https:\/\/guiadenoticias.com.ar\/diario\/wp-json\/wp\/v2\/media\/23122"}],"wp:attachment":[{"href":"https:\/\/guiadenoticias.com.ar\/diario\/wp-json\/wp\/v2\/media?parent=23115"}],"wp:term":[{"taxonomy":"category","embeddable":true,"href":"https:\/\/guiadenoticias.com.ar\/diario\/wp-json\/wp\/v2\/categories?post=23115"},{"taxonomy":"post_tag","embeddable":true,"href":"https:\/\/guiadenoticias.com.ar\/diario\/wp-json\/wp\/v2\/tags?post=23115"}],"curies":[{"name":"wp","href":"https:\/\/api.w.org\/{rel}","templated":true}]}}