{"id":23132,"date":"2024-08-26T12:00:30","date_gmt":"2024-08-26T15:00:30","guid":{"rendered":"https:\/\/guiadenoticias.com.ar\/diario\/?p=23132"},"modified":"2024-09-05T03:43:07","modified_gmt":"2024-09-05T06:43:07","slug":"emprender-sustentable-curso-para-emprendedores","status":"publish","type":"post","link":"https:\/\/guiadenoticias.com.ar\/diario\/emprender-sustentable-curso-para-emprendedores\/","title":{"rendered":"Emprender Sustentable, curso para emprendedores"},"content":{"rendered":"<p>Ya est\u00e1 abierta la inscripci\u00f3n del curso Emprender Sustentable, que se llevar\u00e1 a cabo los mi\u00e9rcoles de septiembre, de 17 a 18:30 horas, de forma presencial en el Centro Universitario de Vicente L\u00f3pez (Villate 4480, Munro).<\/p>\n<p>Esta iniciativa del municipio propone una capacitaci\u00f3n para los emprendedores y constar\u00e1 de cuatro encuentros, en los cuales abordar\u00e1n temas de sostenibilidad, sustentabilidad, planeamiento, comunicaci\u00f3n e identidad.<\/p>\n<p>El prop\u00f3sito es aumentar la conciencia y comprensi\u00f3n de temas fundamentales de sostenibilidad. Tambi\u00e9n busca crear un espacio de di\u00e1logo y reflexi\u00f3n sobre un tema actual que impulse a los estudiantes en la toma de decisiones en sus proyectos.<\/p>\n<p>En el primer encuentro definir\u00e1n conceptos claves para entender qu\u00e9 es la sustentabilidad, c\u00f3mo son sus objetivos y c\u00f3mo hablarle al consumidor. Durante la segunda clase se incorporar\u00e1n conceptos sobre marketing, comunicaci\u00f3n, planificaci\u00f3n estrat\u00e9gica y la creaci\u00f3n del FODA.<\/p>\n<p>En esa l\u00ednea, la tercera jornada apuntar\u00e1 a la comunicaci\u00f3n asertiva, c\u00f3mo comunicar sustentabilidad, y contar\u00e1 con un entrenamiento activo para la presentaci\u00f3n del proyecto propio. Al final de la cursada indagar\u00e1n sobre la identidad del negocio, el impacto econ\u00f3mico, la innovaci\u00f3n y creatividad, presentaci\u00f3n de figuras legales, derechos de autor, patentes y objetivos sostenibles.<\/p>\n<p>El taller est\u00e1 dirigido a emprendedores con proyectos en etapas iniciales o en proceso de desarrollo que deseen transformar e impulsar sus iniciativas. La actividad est\u00e1 orientada a personas mayores de 18 a\u00f1os y los cupos son limitados.<\/p>\n","protected":false},"excerpt":{"rendered":"<p>Ya est\u00e1 abierta la inscripci\u00f3n del curso Emprender Sustentable, que se llevar\u00e1 a cabo los mi\u00e9rcoles de septiembre, de 17 a 18:30 horas, de forma presencial en el Centro Universitario de Vicente L\u00f3pez (Villate 4480, Munro). Esta iniciativa del municipio propone una capacitaci\u00f3n para los emprendedores y constar\u00e1 de cuatro encuentros, en los cuales abordar\u00e1n [&hellip;]<\/p>\n","protected":false},"author":1,"featured_media":23133,"comment_status":"closed","ping_status":"closed","sticky":false,"template":"","format":"standard","meta":{"footnotes":""},"categories":[20,25],"tags":[276],"class_list":{"0":"post-23132","1":"post","2":"type-post","3":"status-publish","4":"format-standard","5":"has-post-thumbnail","7":"category-municipios","8":"category-vicente-lopez","9":"tag-emprendimiento"},"aioseo_notices":[],"_links":{"self":[{"href":"https:\/\/guiadenoticias.com.ar\/diario\/wp-json\/wp\/v2\/posts\/23132","targetHints":{"allow":["GET"]}}],"collection":[{"href":"https:\/\/guiadenoticias.com.ar\/diario\/wp-json\/wp\/v2\/posts"}],"about":[{"href":"https:\/\/guiadenoticias.com.ar\/diario\/wp-json\/wp\/v2\/types\/post"}],"author":[{"embeddable":true,"href":"https:\/\/guiadenoticias.com.ar\/diario\/wp-json\/wp\/v2\/users\/1"}],"replies":[{"embeddable":true,"href":"https:\/\/guiadenoticias.com.ar\/diario\/wp-json\/wp\/v2\/comments?post=23132"}],"version-history":[{"count":2,"href":"https:\/\/guiadenoticias.com.ar\/diario\/wp-json\/wp\/v2\/posts\/23132\/revisions"}],"predecessor-version":[{"id":23136,"href":"https:\/\/guiadenoticias.com.ar\/diario\/wp-json\/wp\/v2\/posts\/23132\/revisions\/23136"}],"wp:featuredmedia":[{"embeddable":true,"href":"https:\/\/guiadenoticias.com.ar\/diario\/wp-json\/wp\/v2\/media\/23133"}],"wp:attachment":[{"href":"https:\/\/guiadenoticias.com.ar\/diario\/wp-json\/wp\/v2\/media?parent=23132"}],"wp:term":[{"taxonomy":"category","embeddable":true,"href":"https:\/\/guiadenoticias.com.ar\/diario\/wp-json\/wp\/v2\/categories?post=23132"},{"taxonomy":"post_tag","embeddable":true,"href":"https:\/\/guiadenoticias.com.ar\/diario\/wp-json\/wp\/v2\/tags?post=23132"}],"curies":[{"name":"wp","href":"https:\/\/api.w.org\/{rel}","templated":true}]}}