{"id":23161,"date":"2024-08-28T21:00:08","date_gmt":"2024-08-29T00:00:08","guid":{"rendered":"https:\/\/guiadenoticias.com.ar\/diario\/?p=23161"},"modified":"2024-09-12T04:31:59","modified_gmt":"2024-09-12T07:31:59","slug":"avanza-la-construccion-de-56-viviendas-en-el-palomar","status":"publish","type":"post","link":"https:\/\/guiadenoticias.com.ar\/diario\/avanza-la-construccion-de-56-viviendas-en-el-palomar\/","title":{"rendered":"Avanza la construcci\u00f3n de 56 viviendas en El Palomar"},"content":{"rendered":"<p>El intendente Lucas Ghi, la ministra de H\u00e1bitat y Desarrollo Urbano de Buenos Aires, Silvina Batakis, y el ex jefe comunal y actual presidente del COMIREC, Mart\u00edn Sabbatella, recorrieron los avances de la construcci\u00f3n de un nuevo complejo habitacional en El Palomar. La obra se desarrolla en el predio ubicado en Justo Jos\u00e9 de Urquiza y General Benjam\u00edn Victorica, y forma parte de una iniciativa articulada entre el Municipio de Mor\u00f3n y el Gobierno de la Provincia.<\/p>\n<p><strong>Contempla la construcci\u00f3n de 56 departamentos distribuidos en siete pisos, as\u00ed como 13 locales comerciales y cocheras en planta baja. Este proyecto es financiado por el Instituto de la Vivienda bonaerense.<\/strong><\/p>\n<p>El complejo ofrecer\u00e1 tres tipos de unidades habitacionales de 2 y 3 ambientes con todas las conexiones necesarias a las redes de agua, cloacas, gas y electricidad. Adem\u00e1s, se proyecta la puesta en valor y restauraci\u00f3n de una casona hist\u00f3rica que est\u00e1 en el predio, que es Monumento Hist\u00f3rico Municipal.<\/p>\n<p>Este proyecto en El Palomar se suma a otras iniciativas habitacionales, como la construcci\u00f3n de 40 casas en Castelar sur y el desarrollo del complejo Procrear en Barrio Gaona, que incluye 534 viviendas y lotes con servicios.<\/p>\n<p>Cabe destacar que el Municipio ya cuenta con dos proyectos Procrear, uno instalado en Castelar sur, frente a la Reserva Natural Urbana, con 600 viviendas; y otro en la localidad de Haedo, con 129 viviendas.<\/p>\n","protected":false},"excerpt":{"rendered":"<p>El intendente Lucas Ghi, la ministra de H\u00e1bitat y Desarrollo Urbano de Buenos Aires, Silvina Batakis, y el ex jefe comunal y actual presidente del COMIREC, Mart\u00edn Sabbatella, recorrieron los avances de la construcci\u00f3n de un nuevo complejo habitacional en El Palomar. La obra se desarrolla en el predio ubicado en Justo Jos\u00e9 de Urquiza [&hellip;]<\/p>\n","protected":false},"author":1,"featured_media":23162,"comment_status":"closed","ping_status":"closed","sticky":false,"template":"","format":"standard","meta":{"footnotes":""},"categories":[28,20,48],"tags":[83,73,143],"class_list":{"0":"post-23161","1":"post","2":"type-post","3":"status-publish","4":"format-standard","5":"has-post-thumbnail","7":"category-moron","8":"category-municipios","9":"category-politica-argentina","10":"tag-axel-kicillof","11":"tag-lucas-ghi","12":"tag-vivienda"},"aioseo_notices":[],"_links":{"self":[{"href":"https:\/\/guiadenoticias.com.ar\/diario\/wp-json\/wp\/v2\/posts\/23161","targetHints":{"allow":["GET"]}}],"collection":[{"href":"https:\/\/guiadenoticias.com.ar\/diario\/wp-json\/wp\/v2\/posts"}],"about":[{"href":"https:\/\/guiadenoticias.com.ar\/diario\/wp-json\/wp\/v2\/types\/post"}],"author":[{"embeddable":true,"href":"https:\/\/guiadenoticias.com.ar\/diario\/wp-json\/wp\/v2\/users\/1"}],"replies":[{"embeddable":true,"href":"https:\/\/guiadenoticias.com.ar\/diario\/wp-json\/wp\/v2\/comments?post=23161"}],"version-history":[{"count":1,"href":"https:\/\/guiadenoticias.com.ar\/diario\/wp-json\/wp\/v2\/posts\/23161\/revisions"}],"predecessor-version":[{"id":23164,"href":"https:\/\/guiadenoticias.com.ar\/diario\/wp-json\/wp\/v2\/posts\/23161\/revisions\/23164"}],"wp:featuredmedia":[{"embeddable":true,"href":"https:\/\/guiadenoticias.com.ar\/diario\/wp-json\/wp\/v2\/media\/23162"}],"wp:attachment":[{"href":"https:\/\/guiadenoticias.com.ar\/diario\/wp-json\/wp\/v2\/media?parent=23161"}],"wp:term":[{"taxonomy":"category","embeddable":true,"href":"https:\/\/guiadenoticias.com.ar\/diario\/wp-json\/wp\/v2\/categories?post=23161"},{"taxonomy":"post_tag","embeddable":true,"href":"https:\/\/guiadenoticias.com.ar\/diario\/wp-json\/wp\/v2\/tags?post=23161"}],"curies":[{"name":"wp","href":"https:\/\/api.w.org\/{rel}","templated":true}]}}