{"id":23167,"date":"2024-09-15T23:00:20","date_gmt":"2024-09-16T02:00:20","guid":{"rendered":"https:\/\/guiadenoticias.com.ar\/diario\/?p=23167"},"modified":"2024-10-04T03:58:57","modified_gmt":"2024-10-04T06:58:57","slug":"presupuesto-sin-numeros","status":"publish","type":"post","link":"https:\/\/guiadenoticias.com.ar\/diario\/presupuesto-sin-numeros\/","title":{"rendered":"Presupuesto sin n\u00fameros"},"content":{"rendered":"<p>Javier Milei asisti\u00f3 al Congreso para presentar el Presupuesto 2025, con un discurso que ya suena repetido: apunt\u00f3 contra \u201cla casta\u201d, es decir la clase pol\u00edtica de la que ya forman parte los libertarios, y esboz\u00f3 algunos lineamientos de \u201cla ley de leyes\u201d que se basar\u00e1 en la motosierra, con foco en el equilibrio fiscal. Adem\u00e1s, le pidi\u00f3 a gobernadores e intendentes un ajuste adicional de 60.000 millones de pesos para alcanzar las metas macroecon\u00f3micas.<\/p>\n<p>De todos modos, el Presidente evit\u00f3 en todo el discurso &#8211; le\u00eddo con muchos traspi\u00e9s &#8211; las cifras, ni hubo detalles. M\u00e1s tarde ingres\u00f3 formalmente el proyecto y <strong>se sabe que para el a\u00f1o pr\u00f3ximo el Gobierno espera que la econom\u00eda crezca 5%, la inflaci\u00f3n se desacelere a 18,3%, que el d\u00f3lar oficial avance a un ritmo semejante a los precios ubic\u00e1ndose en 1.207 en diciembre, un super\u00e1vit primario de 1,3% del PBI y equilibrio en el resultado financiero del Tesoro.<\/strong><\/p>\n<p><strong>Milei eligi\u00f3 para la Cadena Nacional el prime time televisivo, aunque en rigor lo destroz\u00f3. Hizo historia: los canales de aire pasaron de 14 puntos de rating a las 20.59 a menos de 4 diez minutos despu\u00e9s. No lo vieron. Otra curiosidad fue que no estuvieron presentes la ministra Sandra Pettovello (de viaje a Roma) y el asesor todoterreno Santiago Caputo.<\/strong><\/p>\n<p>El recinto de la C\u00e1mara de Diputados al 50% fue una pintura de la realidad pol\u00edtica. No s\u00f3lo por las ausencias del peronismo, radicales d\u00edscolos y legisladores federales, sino tambi\u00e9n porque el camino del Presupuesto de Milei ser\u00e1 espinoso para conseguir la aprobaci\u00f3n. No en vano est\u00e1n convocados para este lunes los opositores dialoguistas, con el objetivo de reunir los votos. Viene La Libertad Avanza de blindar un tercio para sostener el veto a la reforma jubilatoria. Ahora necesitar\u00e1 conseguir la mayor\u00eda en ambas c\u00e1maras si quiere que se apruebe el Presupuesto.<\/p>\n<p>Habitualmente, la presentaci\u00f3n de un Presupuesto es un tr\u00e1mite administrativo, que explican funcionarios de gobierno. Esta vez tuvo mucho de acto partidario y provocaciones a la bancada de Uni\u00f3n por la Patria. Entre otras cosas, Milei Llam\u00f3 \u201cratas miserables\u201d a los opositores y cuestion\u00f3 a toda la clase pol\u00edtica por su afici\u00f3n al gasto.<\/p>\n<p><strong>\u00abGestionar no es designar miles de funcionarios en todos los rincones del Estado cuando todas esas \u00e1reas no deber\u00edan existir, ni hacer rutas que no conducen a ning\u00fan lado, ni viviendas hacinadas que nadie quiere, ni usar el GDE como dec\u00eda el candidato (Sergio) Massa\u00bb, dijo el mandatario desde el atril.<\/strong><\/p>\n<p>Adem\u00e1s, se\u00f1al\u00f3 que \u00abnos hemos acostumbrado a usar el Estado como una ni\u00f1era\u201d, y abog\u00f3 por \u00abreducir impuestos y el tama\u00f1o del Estado, que es la verdadera presi\u00f3n impositiva\u00bb. Tambi\u00e9n envi\u00f3 un alerta al Congreso: <strong>\u00abVetaremos todos los proyectos que atenten contra el equilibrio fiscal\u00bb, como ocurri\u00f3 con la reforma jubilatoria y como ocurrir\u00e1 con el financiamiento educativo. Dijo que s\u00f3lo permitir\u00e1 un aumento del gasto si la propuesta est\u00e1 acompa\u00f1ada de una alternativa para financiarlo.<\/strong><\/p>\n<p>Con tono monocorde mencion\u00f3, \u00abgestionar es desactivar la bomba que heredamos, haber echado 31 mil \u00f1oquis del Estado, haber eliminado los piquetes y reducido el 71% los homicidios en Rosario\u00bb.<\/p>\n<p>Respecto a una de las definiciones que genera m\u00e1s expectativas, la desregulaci\u00f3n cambiaria, no aport\u00f3 ning\u00fan dato: \u00abDespu\u00e9s de a\u00f1os donde la clase pol\u00edtica vivi\u00f3 poniendo cepos a las libertades individuales, hoy venimos aqu\u00ed a ponerle un cepo al Estado\u00bb.<\/p>\n","protected":false},"excerpt":{"rendered":"<p>Javier Milei asisti\u00f3 al Congreso para presentar el Presupuesto 2025, con un discurso que ya suena repetido: apunt\u00f3 contra \u201cla casta\u201d, es decir la clase pol\u00edtica de la que ya forman parte los libertarios, y esboz\u00f3 algunos lineamientos de \u201cla ley de leyes\u201d que se basar\u00e1 en la motosierra, con foco en el equilibrio fiscal. [&hellip;]<\/p>\n","protected":false},"author":1,"featured_media":23168,"comment_status":"closed","ping_status":"closed","sticky":false,"template":"","format":"standard","meta":{"footnotes":""},"categories":[70,30,48],"tags":[186,255,161],"class_list":{"0":"post-23167","1":"post","2":"type-post","3":"status-publish","4":"format-standard","5":"has-post-thumbnail","7":"category-las-mas-leidas","8":"category-nacion","9":"category-politica-argentina","10":"tag-congreso","11":"tag-javier-milei","12":"tag-presupuesto"},"aioseo_notices":[],"_links":{"self":[{"href":"https:\/\/guiadenoticias.com.ar\/diario\/wp-json\/wp\/v2\/posts\/23167","targetHints":{"allow":["GET"]}}],"collection":[{"href":"https:\/\/guiadenoticias.com.ar\/diario\/wp-json\/wp\/v2\/posts"}],"about":[{"href":"https:\/\/guiadenoticias.com.ar\/diario\/wp-json\/wp\/v2\/types\/post"}],"author":[{"embeddable":true,"href":"https:\/\/guiadenoticias.com.ar\/diario\/wp-json\/wp\/v2\/users\/1"}],"replies":[{"embeddable":true,"href":"https:\/\/guiadenoticias.com.ar\/diario\/wp-json\/wp\/v2\/comments?post=23167"}],"version-history":[{"count":1,"href":"https:\/\/guiadenoticias.com.ar\/diario\/wp-json\/wp\/v2\/posts\/23167\/revisions"}],"predecessor-version":[{"id":23170,"href":"https:\/\/guiadenoticias.com.ar\/diario\/wp-json\/wp\/v2\/posts\/23167\/revisions\/23170"}],"wp:featuredmedia":[{"embeddable":true,"href":"https:\/\/guiadenoticias.com.ar\/diario\/wp-json\/wp\/v2\/media\/23168"}],"wp:attachment":[{"href":"https:\/\/guiadenoticias.com.ar\/diario\/wp-json\/wp\/v2\/media?parent=23167"}],"wp:term":[{"taxonomy":"category","embeddable":true,"href":"https:\/\/guiadenoticias.com.ar\/diario\/wp-json\/wp\/v2\/categories?post=23167"},{"taxonomy":"post_tag","embeddable":true,"href":"https:\/\/guiadenoticias.com.ar\/diario\/wp-json\/wp\/v2\/tags?post=23167"}],"curies":[{"name":"wp","href":"https:\/\/api.w.org\/{rel}","templated":true}]}}