{"id":23184,"date":"2024-09-04T10:00:41","date_gmt":"2024-09-04T13:00:41","guid":{"rendered":"https:\/\/guiadenoticias.com.ar\/diario\/?p=23184"},"modified":"2024-09-20T04:41:19","modified_gmt":"2024-09-20T07:41:19","slug":"san-martin-recibe-muestra-fotografica-sobre-charly-garcia","status":"publish","type":"post","link":"https:\/\/guiadenoticias.com.ar\/diario\/san-martin-recibe-muestra-fotografica-sobre-charly-garcia\/","title":{"rendered":"San Mart\u00edn recibe muestra fotogr\u00e1fica sobre Charly Garc\u00eda"},"content":{"rendered":"<p><strong>El s\u00e1bado 7 de septiembre se inaugura la muestra \u201cLos \u00c1ngeles de Charly\u201d, compuesta por 50 fotograf\u00edas<\/strong> de Nora Lezano, Andy Cherniavsky e Hilda Lizarazu, artistas y amigas que retrataron al gran m\u00fasico argentino en diferentes momentos de su vida cotidiana.<\/p>\n<p>La exposici\u00f3n, organizada por el Municipio de San Mart\u00edn y la Galer\u00eda RAF, estar\u00e1 instalada en el <strong>Espacio Cultural Municipal Ballester, donde permanecer\u00e1 hasta el 27 de octubre.<\/strong> Podr\u00e1 visitarse de lunes a viernes, de 9 a 20, y los s\u00e1bados de 16 a 20 horas, en Vicente L\u00f3pez 2946.<\/p>\n<p>Durante la inauguraci\u00f3n estar\u00e1n presentes Andy Cherniavsky y Nora Lezano, y habr\u00e1 un show tributo a Charly de la banda local Medio loco.<\/p>\n<p>Hilda Lizarazu y Lito Vitale brindar\u00e1n un concierto en homenaje al m\u00e1ximo exponente del rock nacional en el cierre de la muestra, el domingo 27 de octubre.<\/p>\n<p>A lo largo de 7 semanas, habr\u00e1 talleres de fotograf\u00eda, encuentros musicales, charlas, seminarios, intervenciones art\u00edsticas, una visita guiada con Lezano y Cherniavsky, entre otras actividades.<\/p>\n","protected":false},"excerpt":{"rendered":"<p>El s\u00e1bado 7 de septiembre se inaugura la muestra \u201cLos \u00c1ngeles de Charly\u201d, compuesta por 50 fotograf\u00edas de Nora Lezano, Andy Cherniavsky e Hilda Lizarazu, artistas y amigas que retrataron al gran m\u00fasico argentino en diferentes momentos de su vida cotidiana. La exposici\u00f3n, organizada por el Municipio de San Mart\u00edn y la Galer\u00eda RAF, estar\u00e1 [&hellip;]<\/p>\n","protected":false},"author":1,"featured_media":23185,"comment_status":"closed","ping_status":"closed","sticky":false,"template":"","format":"standard","meta":{"footnotes":""},"categories":[50,20,24],"tags":[212],"class_list":{"0":"post-23184","1":"post","2":"type-post","3":"status-publish","4":"format-standard","5":"has-post-thumbnail","7":"category-cultura","8":"category-municipios","9":"category-san-martin","10":"tag-cultura"},"aioseo_notices":[],"_links":{"self":[{"href":"https:\/\/guiadenoticias.com.ar\/diario\/wp-json\/wp\/v2\/posts\/23184","targetHints":{"allow":["GET"]}}],"collection":[{"href":"https:\/\/guiadenoticias.com.ar\/diario\/wp-json\/wp\/v2\/posts"}],"about":[{"href":"https:\/\/guiadenoticias.com.ar\/diario\/wp-json\/wp\/v2\/types\/post"}],"author":[{"embeddable":true,"href":"https:\/\/guiadenoticias.com.ar\/diario\/wp-json\/wp\/v2\/users\/1"}],"replies":[{"embeddable":true,"href":"https:\/\/guiadenoticias.com.ar\/diario\/wp-json\/wp\/v2\/comments?post=23184"}],"version-history":[{"count":1,"href":"https:\/\/guiadenoticias.com.ar\/diario\/wp-json\/wp\/v2\/posts\/23184\/revisions"}],"predecessor-version":[{"id":23187,"href":"https:\/\/guiadenoticias.com.ar\/diario\/wp-json\/wp\/v2\/posts\/23184\/revisions\/23187"}],"wp:featuredmedia":[{"embeddable":true,"href":"https:\/\/guiadenoticias.com.ar\/diario\/wp-json\/wp\/v2\/media\/23185"}],"wp:attachment":[{"href":"https:\/\/guiadenoticias.com.ar\/diario\/wp-json\/wp\/v2\/media?parent=23184"}],"wp:term":[{"taxonomy":"category","embeddable":true,"href":"https:\/\/guiadenoticias.com.ar\/diario\/wp-json\/wp\/v2\/categories?post=23184"},{"taxonomy":"post_tag","embeddable":true,"href":"https:\/\/guiadenoticias.com.ar\/diario\/wp-json\/wp\/v2\/tags?post=23184"}],"curies":[{"name":"wp","href":"https:\/\/api.w.org\/{rel}","templated":true}]}}