{"id":23240,"date":"2024-09-23T15:00:30","date_gmt":"2024-09-23T18:00:30","guid":{"rendered":"https:\/\/guiadenoticias.com.ar\/diario\/?p=23240"},"modified":"2024-10-02T02:40:04","modified_gmt":"2024-10-02T05:40:04","slug":"la-escuela-municipal-dorrego-tendra-desde-2025-doble-escolaridad","status":"publish","type":"post","link":"https:\/\/guiadenoticias.com.ar\/diario\/la-escuela-municipal-dorrego-tendra-desde-2025-doble-escolaridad\/","title":{"rendered":"La Escuela Municipal Dorrego tendr\u00e1 desde 2025 doble escolaridad"},"content":{"rendered":"<p>La Escuela Primaria Municipal Manuel Dorrego tendr\u00e1 jornada completa.<strong> Ser\u00e1 a partir del a\u00f1o pr\u00f3ximo y esto permitir\u00e1 aumentar en m\u00e1s de 700 horas la oferta educativa de lengua, matem\u00e1tica, ingl\u00e9s y habilidades digitales. En el anuncio, la intendenta de Vicente L\u00f3pez, Soledad Mart\u00ednez, recorri\u00f3 la instituci\u00f3n y dialog\u00f3 con personal directivo.<\/strong><\/p>\n<p>Con esta medida se duplicar\u00e1n las horas que pasan los chicos en las aulas y podr\u00e1 reforzar los contenidos en materias fundamentales como lengua y matem\u00e1tica, dos de los mayores d\u00e9ficits que muestran las pruebas internacionales. Adem\u00e1s, permitir\u00e1 profundizar el aprendizaje en ingl\u00e9s y habilidades digitales. La matr\u00edcula se ir\u00e1 adaptando de forma progresiva durante los pr\u00f3ximos seis a\u00f1os.<\/p>\n<p><strong>El colegio Dorrego es referente en toda la regi\u00f3n por su nivel educativo. Hace tres a\u00f1os se convirti\u00f3 en la primera escuela p\u00fablica certificada por Google en el pa\u00eds.<\/strong> El Programa Google Reference School reconoce a las instituciones educativas que utilizan de manera innovadora las herramientas educativas de Google, promoviendo el uso de la tecnolog\u00eda para el aprendizaje y el desarrollo profesional.<\/p>\n<p><strong>La pre-inscripci\u00f3n para ingresar a 1\u00b0 a\u00f1o comenzar\u00e1 a partir del 7 de octubre. Es online y exclusiva para vecinos de Vicente L\u00f3pez.<\/strong><\/p>\n","protected":false},"excerpt":{"rendered":"<p>La Escuela Primaria Municipal Manuel Dorrego tendr\u00e1 jornada completa. Ser\u00e1 a partir del a\u00f1o pr\u00f3ximo y esto permitir\u00e1 aumentar en m\u00e1s de 700 horas la oferta educativa de lengua, matem\u00e1tica, ingl\u00e9s y habilidades digitales. En el anuncio, la intendenta de Vicente L\u00f3pez, Soledad Mart\u00ednez, recorri\u00f3 la instituci\u00f3n y dialog\u00f3 con personal directivo. Con esta medida [&hellip;]<\/p>\n","protected":false},"author":1,"featured_media":23241,"comment_status":"closed","ping_status":"closed","sticky":false,"template":"","format":"standard","meta":{"footnotes":""},"categories":[20,25],"tags":[131,176],"class_list":{"0":"post-23240","1":"post","2":"type-post","3":"status-publish","4":"format-standard","5":"has-post-thumbnail","7":"category-municipios","8":"category-vicente-lopez","9":"tag-educacion","10":"tag-soledad-martinez"},"aioseo_notices":[],"_links":{"self":[{"href":"https:\/\/guiadenoticias.com.ar\/diario\/wp-json\/wp\/v2\/posts\/23240","targetHints":{"allow":["GET"]}}],"collection":[{"href":"https:\/\/guiadenoticias.com.ar\/diario\/wp-json\/wp\/v2\/posts"}],"about":[{"href":"https:\/\/guiadenoticias.com.ar\/diario\/wp-json\/wp\/v2\/types\/post"}],"author":[{"embeddable":true,"href":"https:\/\/guiadenoticias.com.ar\/diario\/wp-json\/wp\/v2\/users\/1"}],"replies":[{"embeddable":true,"href":"https:\/\/guiadenoticias.com.ar\/diario\/wp-json\/wp\/v2\/comments?post=23240"}],"version-history":[{"count":1,"href":"https:\/\/guiadenoticias.com.ar\/diario\/wp-json\/wp\/v2\/posts\/23240\/revisions"}],"predecessor-version":[{"id":23243,"href":"https:\/\/guiadenoticias.com.ar\/diario\/wp-json\/wp\/v2\/posts\/23240\/revisions\/23243"}],"wp:featuredmedia":[{"embeddable":true,"href":"https:\/\/guiadenoticias.com.ar\/diario\/wp-json\/wp\/v2\/media\/23241"}],"wp:attachment":[{"href":"https:\/\/guiadenoticias.com.ar\/diario\/wp-json\/wp\/v2\/media?parent=23240"}],"wp:term":[{"taxonomy":"category","embeddable":true,"href":"https:\/\/guiadenoticias.com.ar\/diario\/wp-json\/wp\/v2\/categories?post=23240"},{"taxonomy":"post_tag","embeddable":true,"href":"https:\/\/guiadenoticias.com.ar\/diario\/wp-json\/wp\/v2\/tags?post=23240"}],"curies":[{"name":"wp","href":"https:\/\/api.w.org\/{rel}","templated":true}]}}