{"id":23369,"date":"2024-11-02T11:00:11","date_gmt":"2024-11-02T14:00:11","guid":{"rendered":"https:\/\/guiadenoticias.com.ar\/diario\/?p=23369"},"modified":"2024-11-11T03:29:38","modified_gmt":"2024-11-11T06:29:38","slug":"valenzuela-y-espert-juntos-por-la-eliminacion-de-impuestos","status":"publish","type":"post","link":"https:\/\/guiadenoticias.com.ar\/diario\/valenzuela-y-espert-juntos-por-la-eliminacion-de-impuestos\/","title":{"rendered":"Valenzuela y Espert, juntos por la eliminaci\u00f3n de impuestos"},"content":{"rendered":"<p>El diputado Jos\u00e9 Luis Espert visit\u00f3 una estaci\u00f3n de servicio de Villa Bosch junto con Diego Valenzuela, uno de los intendentes del Conurbano que no cobra la tasa vial. \u201c\u00bfCu\u00e1l es la contraprestaci\u00f3n que le dan al vecino que paga esta tasa? Nada. Muchas veces se utiliza para sueldos, pero no hay contraprestaci\u00f3n al vecino\u201d, se\u00f1al\u00f3 Espert. Y destac\u00f3 que el jefe comunal de Tres de Febrero impulse \u201cbaja de impuestos\u201d.<\/p>\n<p>\u201cNo queremos cargarle un extra al precio del combustible a los que necesitan el auto para trabajar\u201d, expres\u00f3 Valenzuela. Adem\u00e1s, coment\u00f3 que \u201csacamos m\u00e1s de 400 tasas, las habilitaciones son gratuitas, no cobramos la tasa vial y tenemos una de las Tasa de Seguridad e Higiene m\u00e1s bajas del Conurbano\u201d.<\/p>\n<p>En esa l\u00ednea, el legislador libertario compar\u00f3 la TISH a supermercados de Tres de Febrero que es de 0,6%, con otros distritos como Hurlingham y Lan\u00fas &#8211; gobernados por La C\u00e1mpora &#8211; que es de 6%: \u201cEn la Provincia hay que bajarlos porque los ciudadanos no son esclavos tributarios\u201d.<\/p>\n<p>Tambi\u00e9n, Espert y Valenzuela compartieron una charla de caf\u00e9 en una confiter\u00eda de Villa Bosch, en la que se sumaron concejales, donde coordinaron miradas acerca de la econom\u00eda y los impuestos en la Provincia. All\u00ed apuntaron, \u201ctenemos que unir esfuerzos y trabajar juntos para ganarle al kirchnerismo\u201d.<\/p>\n","protected":false},"excerpt":{"rendered":"<p>El diputado Jos\u00e9 Luis Espert visit\u00f3 una estaci\u00f3n de servicio de Villa Bosch junto con Diego Valenzuela, uno de los intendentes del Conurbano que no cobra la tasa vial. \u201c\u00bfCu\u00e1l es la contraprestaci\u00f3n que le dan al vecino que paga esta tasa? Nada. Muchas veces se utiliza para sueldos, pero no hay contraprestaci\u00f3n al vecino\u201d, [&hellip;]<\/p>\n","protected":false},"author":1,"featured_media":23374,"comment_status":"closed","ping_status":"closed","sticky":false,"template":"","format":"standard","meta":{"footnotes":""},"categories":[70,20,48,26],"tags":[72,147,279],"class_list":{"0":"post-23369","1":"post","2":"type-post","3":"status-publish","4":"format-standard","5":"has-post-thumbnail","7":"category-las-mas-leidas","8":"category-municipios","9":"category-politica-argentina","10":"category-tres-de-febrero","11":"tag-diego-valenzuela","12":"tag-impuestos","13":"tag-jose-luis-espert"},"aioseo_notices":[],"_links":{"self":[{"href":"https:\/\/guiadenoticias.com.ar\/diario\/wp-json\/wp\/v2\/posts\/23369","targetHints":{"allow":["GET"]}}],"collection":[{"href":"https:\/\/guiadenoticias.com.ar\/diario\/wp-json\/wp\/v2\/posts"}],"about":[{"href":"https:\/\/guiadenoticias.com.ar\/diario\/wp-json\/wp\/v2\/types\/post"}],"author":[{"embeddable":true,"href":"https:\/\/guiadenoticias.com.ar\/diario\/wp-json\/wp\/v2\/users\/1"}],"replies":[{"embeddable":true,"href":"https:\/\/guiadenoticias.com.ar\/diario\/wp-json\/wp\/v2\/comments?post=23369"}],"version-history":[{"count":1,"href":"https:\/\/guiadenoticias.com.ar\/diario\/wp-json\/wp\/v2\/posts\/23369\/revisions"}],"predecessor-version":[{"id":23372,"href":"https:\/\/guiadenoticias.com.ar\/diario\/wp-json\/wp\/v2\/posts\/23369\/revisions\/23372"}],"wp:featuredmedia":[{"embeddable":true,"href":"https:\/\/guiadenoticias.com.ar\/diario\/wp-json\/wp\/v2\/media\/23374"}],"wp:attachment":[{"href":"https:\/\/guiadenoticias.com.ar\/diario\/wp-json\/wp\/v2\/media?parent=23369"}],"wp:term":[{"taxonomy":"category","embeddable":true,"href":"https:\/\/guiadenoticias.com.ar\/diario\/wp-json\/wp\/v2\/categories?post=23369"},{"taxonomy":"post_tag","embeddable":true,"href":"https:\/\/guiadenoticias.com.ar\/diario\/wp-json\/wp\/v2\/tags?post=23369"}],"curies":[{"name":"wp","href":"https:\/\/api.w.org\/{rel}","templated":true}]}}