{"id":23428,"date":"2024-11-13T22:00:31","date_gmt":"2024-11-14T01:00:31","guid":{"rendered":"https:\/\/guiadenoticias.com.ar\/diario\/?p=23428"},"modified":"2024-12-12T03:34:55","modified_gmt":"2024-12-12T06:34:55","slug":"tres-de-febrero-fue-certificada-por-su-gestion-eficiente","status":"publish","type":"post","link":"https:\/\/guiadenoticias.com.ar\/diario\/tres-de-febrero-fue-certificada-por-su-gestion-eficiente\/","title":{"rendered":"Tres de Febrero fue certificada por su gesti\u00f3n eficiente"},"content":{"rendered":"<p>El distrito de Tres de Febrero recibi\u00f3 la certificaci\u00f3n por su Gesti\u00f3n Eficiente en Gobiernos, un evento organizado por la Red de Innovaci\u00f3n Local (RIL). El reconocimiento &#8211; categor\u00eda de Ciudad L\u00edder &#8211; fue otorgado al intendente Diego Valenzuela, quien remarc\u00f3 su orgullo por \u201cestar en la lista de los 100 municipios que est\u00e1n generando un cambio en el sector p\u00fablico argentino\u201d.<\/p>\n<p><strong>El objetivo de este premio es darle visibilidad e identificaci\u00f3n a las ciudades que tuvieron una administraci\u00f3n efectiva en los \u00faltimos cuatro a\u00f1os. Adem\u00e1s de generar un cambio cultural en el sector p\u00fablico.<\/strong><\/p>\n<p>Por su parte, Delfina Irazusta, directora Ejecutiva de RIL, manifest\u00f3: \u201cLa certificaci\u00f3n de Tres de Febrero marca el inicio de un cambio profundo y duradero en los gobiernos locales\u201d. Invit\u00f3 a los distritos a ser parte de \u201cuna red de municipios comprometidos con el desarrollo y el bienestar de sus comunidades\u201d.<\/p>\n<p>En un v\u00eddeo qued\u00f3 ilustrado el recorrido del distrito hacia esta certificaci\u00f3n: habilitaciones gratuitas para comercios o empresas, la incorporaci\u00f3n de un nuevo sistema de emergencias y la digitalizaci\u00f3n de diferentes tr\u00e1mites en la plataforma personalizada Mi3F, entre otros.<\/p>\n","protected":false},"excerpt":{"rendered":"<p>El distrito de Tres de Febrero recibi\u00f3 la certificaci\u00f3n por su Gesti\u00f3n Eficiente en Gobiernos, un evento organizado por la Red de Innovaci\u00f3n Local (RIL). El reconocimiento &#8211; categor\u00eda de Ciudad L\u00edder &#8211; fue otorgado al intendente Diego Valenzuela, quien remarc\u00f3 su orgullo por \u201cestar en la lista de los 100 municipios que est\u00e1n generando [&hellip;]<\/p>\n","protected":false},"author":1,"featured_media":23442,"comment_status":"closed","ping_status":"closed","sticky":false,"template":"","format":"standard","meta":{"footnotes":""},"categories":[70,20,26],"tags":[72,227],"class_list":{"0":"post-23428","1":"post","2":"type-post","3":"status-publish","4":"format-standard","5":"has-post-thumbnail","7":"category-las-mas-leidas","8":"category-municipios","9":"category-tres-de-febrero","10":"tag-diego-valenzuela","11":"tag-gestion"},"aioseo_notices":[],"_links":{"self":[{"href":"https:\/\/guiadenoticias.com.ar\/diario\/wp-json\/wp\/v2\/posts\/23428","targetHints":{"allow":["GET"]}}],"collection":[{"href":"https:\/\/guiadenoticias.com.ar\/diario\/wp-json\/wp\/v2\/posts"}],"about":[{"href":"https:\/\/guiadenoticias.com.ar\/diario\/wp-json\/wp\/v2\/types\/post"}],"author":[{"embeddable":true,"href":"https:\/\/guiadenoticias.com.ar\/diario\/wp-json\/wp\/v2\/users\/1"}],"replies":[{"embeddable":true,"href":"https:\/\/guiadenoticias.com.ar\/diario\/wp-json\/wp\/v2\/comments?post=23428"}],"version-history":[{"count":1,"href":"https:\/\/guiadenoticias.com.ar\/diario\/wp-json\/wp\/v2\/posts\/23428\/revisions"}],"predecessor-version":[{"id":23431,"href":"https:\/\/guiadenoticias.com.ar\/diario\/wp-json\/wp\/v2\/posts\/23428\/revisions\/23431"}],"wp:featuredmedia":[{"embeddable":true,"href":"https:\/\/guiadenoticias.com.ar\/diario\/wp-json\/wp\/v2\/media\/23442"}],"wp:attachment":[{"href":"https:\/\/guiadenoticias.com.ar\/diario\/wp-json\/wp\/v2\/media?parent=23428"}],"wp:term":[{"taxonomy":"category","embeddable":true,"href":"https:\/\/guiadenoticias.com.ar\/diario\/wp-json\/wp\/v2\/categories?post=23428"},{"taxonomy":"post_tag","embeddable":true,"href":"https:\/\/guiadenoticias.com.ar\/diario\/wp-json\/wp\/v2\/tags?post=23428"}],"curies":[{"name":"wp","href":"https:\/\/api.w.org\/{rel}","templated":true}]}}