{"id":2351,"date":"2016-05-24T01:41:01","date_gmt":"2016-05-24T04:41:01","guid":{"rendered":"http:\/\/guiadenoticias.com.ar\/diario\/?p=2351"},"modified":"2016-05-24T01:41:21","modified_gmt":"2016-05-24T04:41:21","slug":"distritos-de-zona-oeste-promueven-acciones-contra-el-tarifazo","status":"publish","type":"post","link":"https:\/\/guiadenoticias.com.ar\/diario\/distritos-de-zona-oeste-promueven-acciones-contra-el-tarifazo\/","title":{"rendered":"Distritos de zona oeste promueven acciones contra el tarifazo"},"content":{"rendered":"<p>La Secretar\u00eda de Desarrollo Humano y Relaciones con la Comunidad de <strong>Ituzaing\u00f3<\/strong> participar\u00e1 de un encuentro junto con los representantes del \u00e1rea de Desarrollo Social de Merlo, Moreno y Hurlingham, con el objetivo de acordar acciones conjuntas en resguardo de los vecinos\u00a0 frente a las medidas del Gobierno que afectan la econom\u00eda familiar, en especial el fuerte aumento de las tarifas de los servicios p\u00fablicos.<\/p>\n<p>La reuni\u00f3n ser\u00e1 el martes 24 de mayo, en el edificio municipal de <strong>Ituzaing\u00f3.<\/strong> En representaci\u00f3n del distrito anfitri\u00f3n estar\u00e1n presentes el presidente del Concejo Deliberante, Pablo Descalzo, y el secretario de Desarrollo Humano y Relaciones con la Comunidad, Claudio Righes. Tambi\u00e9n participar\u00e1n del encuentro la secretaria de Desarrollo Social de Merlo, Karina Men\u00e9ndez, sus pares de Moreno, In\u00e9s Iglesias, y de Hurlingham, Florencia Lampreabe.<\/p>\n<p>Vale recordar que en <strong>Ituzaing\u00f3<\/strong>, el Consejo Econ\u00f3mico Social convoca a una asamblea p\u00fablica el s\u00e1bado 28 de mayo a las 16 horas, en la Plaza 20 de Febrero (Soler y Zufriategui) para firmar un petitorio que solicite al Gobierno la ampliaci\u00f3n de los alcances de la tarifa social, teniendo en cuenta los recientes aumentos.<\/p>\n<p>El Consejo Econ\u00f3mico Social es un espacio de articulaci\u00f3n de acciones conjuntas por parte del sector p\u00fablico y privado, conformado con el objetivo de instrumentar acciones en defensa del trabajo, la producci\u00f3n y de los sectores m\u00e1s vulnerables del distrito.<\/p>\n","protected":false},"excerpt":{"rendered":"<p>La Secretar\u00eda de Desarrollo Humano y Relaciones con la Comunidad de Ituzaing\u00f3 participar\u00e1 de un encuentro junto con los representantes del \u00e1rea de Desarrollo Social de Merlo, Moreno y Hurlingham, con el objetivo de acordar acciones conjuntas en resguardo de los vecinos\u00a0 frente a las medidas del Gobierno que afectan la econom\u00eda familiar, en especial [&hellip;]<\/p>\n","protected":false},"author":1,"featured_media":0,"comment_status":"closed","ping_status":"open","sticky":false,"template":"","format":"standard","meta":{"footnotes":""},"categories":[49,20,48],"tags":[],"class_list":{"0":"post-2351","1":"post","2":"type-post","3":"status-publish","4":"format-standard","6":"category-economia-y-gremiales","7":"category-municipios","8":"category-politica-argentina"},"aioseo_notices":[],"_links":{"self":[{"href":"https:\/\/guiadenoticias.com.ar\/diario\/wp-json\/wp\/v2\/posts\/2351","targetHints":{"allow":["GET"]}}],"collection":[{"href":"https:\/\/guiadenoticias.com.ar\/diario\/wp-json\/wp\/v2\/posts"}],"about":[{"href":"https:\/\/guiadenoticias.com.ar\/diario\/wp-json\/wp\/v2\/types\/post"}],"author":[{"embeddable":true,"href":"https:\/\/guiadenoticias.com.ar\/diario\/wp-json\/wp\/v2\/users\/1"}],"replies":[{"embeddable":true,"href":"https:\/\/guiadenoticias.com.ar\/diario\/wp-json\/wp\/v2\/comments?post=2351"}],"version-history":[{"count":1,"href":"https:\/\/guiadenoticias.com.ar\/diario\/wp-json\/wp\/v2\/posts\/2351\/revisions"}],"predecessor-version":[{"id":2353,"href":"https:\/\/guiadenoticias.com.ar\/diario\/wp-json\/wp\/v2\/posts\/2351\/revisions\/2353"}],"wp:attachment":[{"href":"https:\/\/guiadenoticias.com.ar\/diario\/wp-json\/wp\/v2\/media?parent=2351"}],"wp:term":[{"taxonomy":"category","embeddable":true,"href":"https:\/\/guiadenoticias.com.ar\/diario\/wp-json\/wp\/v2\/categories?post=2351"},{"taxonomy":"post_tag","embeddable":true,"href":"https:\/\/guiadenoticias.com.ar\/diario\/wp-json\/wp\/v2\/tags?post=2351"}],"curies":[{"name":"wp","href":"https:\/\/api.w.org\/{rel}","templated":true}]}}