{"id":23513,"date":"2024-12-12T23:00:00","date_gmt":"2024-12-13T02:00:00","guid":{"rendered":"https:\/\/guiadenoticias.com.ar\/diario\/?p=23513"},"modified":"2024-12-30T00:05:14","modified_gmt":"2024-12-30T03:05:14","slug":"mas-senales-de-la-ruptura-politica-entre-ghi-y-sabbatella","status":"publish","type":"post","link":"https:\/\/guiadenoticias.com.ar\/diario\/mas-senales-de-la-ruptura-politica-entre-ghi-y-sabbatella\/","title":{"rendered":"M\u00e1s se\u00f1ales de la ruptura pol\u00edtica entre Ghi y Sabbatella"},"content":{"rendered":"<p>El Concejo Deliberante de Mor\u00f3n rechaz\u00f3 por 14 votos a 10 la Ordenanza preparatoria que establec\u00eda una reforma fiscal e impositiva. La ca\u00edda del proyecto enviado desde el Departamento Ejecutivo, que encabeza Lucas Ghi, fue posible debido a la divisi\u00f3n que existe en el oficialismo local.<\/p>\n<p>Durante la sesi\u00f3n, la mayor\u00eda de los concejales de Uni\u00f3n por la Patria poco hicieron por defender los incrementos de tasas &#8211; \u00bfno pudieron, no quisieron? -, por ejemplo, del 20% de la TSG en enero, m\u00e1s otro 10% en marzo, m\u00e1s una actualizaci\u00f3n trimestral por IPC, en sinton\u00eda con municipios vecinos.<\/p>\n<p>Adem\u00e1s, en otro art\u00edculo se establec\u00eda un 60% de aumento en la Tasa de Seguridad e Higiene, que pagan los comercios; y un 45% general para el resto de los tributos que no ten\u00edan un incremento espec\u00edfico m\u00e1s alto.<\/p>\n<p>La suerte qued\u00f3 sellada con los votos negativos de dos aliados: Daniela C\u00e1ceres y Adri\u00e1n C\u00e1ceres de Nuevo PRO. Cabe recordar que hoy preside el HCD el massista Marcelo Gonz\u00e1lez y la oposici\u00f3n cobra m\u00e1s fuerza en el recinto. Aunque el punto m\u00e1s \u00e1lgido es el distanciamiento cada vez m\u00e1s notable del jefe comunal con Mart\u00edn Sabbatella, situaci\u00f3n que impacta en la gesti\u00f3n.<\/p>\n<p>Francisco Mones Ruiz, de la CC, propuso derogar la cl\u00e1usula gatillo mediante la cual el Ejecutivo ajusta tasas. En esta oportunidad, s\u00f3lo fue una moci\u00f3n, y una preocupaci\u00f3n m\u00e1s para Ghi, que cometi\u00f3 la osad\u00eda de apoyar a Kicillof.<\/p>\n","protected":false},"excerpt":{"rendered":"<p>El Concejo Deliberante de Mor\u00f3n rechaz\u00f3 por 14 votos a 10 la Ordenanza preparatoria que establec\u00eda una reforma fiscal e impositiva. La ca\u00edda del proyecto enviado desde el Departamento Ejecutivo, que encabeza Lucas Ghi, fue posible debido a la divisi\u00f3n que existe en el oficialismo local. Durante la sesi\u00f3n, la mayor\u00eda de los concejales de [&hellip;]<\/p>\n","protected":false},"author":1,"featured_media":13013,"comment_status":"closed","ping_status":"closed","sticky":false,"template":"","format":"standard","meta":{"footnotes":""},"categories":[70,28,20],"tags":[220,73,93],"class_list":{"0":"post-23513","1":"post","2":"type-post","3":"status-publish","4":"format-standard","5":"has-post-thumbnail","7":"category-las-mas-leidas","8":"category-moron","9":"category-municipios","10":"tag-kirchnerismo","11":"tag-lucas-ghi","12":"tag-martin-sabbatella"},"aioseo_notices":[],"_links":{"self":[{"href":"https:\/\/guiadenoticias.com.ar\/diario\/wp-json\/wp\/v2\/posts\/23513","targetHints":{"allow":["GET"]}}],"collection":[{"href":"https:\/\/guiadenoticias.com.ar\/diario\/wp-json\/wp\/v2\/posts"}],"about":[{"href":"https:\/\/guiadenoticias.com.ar\/diario\/wp-json\/wp\/v2\/types\/post"}],"author":[{"embeddable":true,"href":"https:\/\/guiadenoticias.com.ar\/diario\/wp-json\/wp\/v2\/users\/1"}],"replies":[{"embeddable":true,"href":"https:\/\/guiadenoticias.com.ar\/diario\/wp-json\/wp\/v2\/comments?post=23513"}],"version-history":[{"count":1,"href":"https:\/\/guiadenoticias.com.ar\/diario\/wp-json\/wp\/v2\/posts\/23513\/revisions"}],"predecessor-version":[{"id":23515,"href":"https:\/\/guiadenoticias.com.ar\/diario\/wp-json\/wp\/v2\/posts\/23513\/revisions\/23515"}],"wp:featuredmedia":[{"embeddable":true,"href":"https:\/\/guiadenoticias.com.ar\/diario\/wp-json\/wp\/v2\/media\/13013"}],"wp:attachment":[{"href":"https:\/\/guiadenoticias.com.ar\/diario\/wp-json\/wp\/v2\/media?parent=23513"}],"wp:term":[{"taxonomy":"category","embeddable":true,"href":"https:\/\/guiadenoticias.com.ar\/diario\/wp-json\/wp\/v2\/categories?post=23513"},{"taxonomy":"post_tag","embeddable":true,"href":"https:\/\/guiadenoticias.com.ar\/diario\/wp-json\/wp\/v2\/tags?post=23513"}],"curies":[{"name":"wp","href":"https:\/\/api.w.org\/{rel}","templated":true}]}}