{"id":23591,"date":"2025-01-16T12:00:04","date_gmt":"2025-01-16T15:00:04","guid":{"rendered":"https:\/\/guiadenoticias.com.ar\/diario\/?p=23591"},"modified":"2025-02-05T01:33:14","modified_gmt":"2025-02-05T04:33:14","slug":"kicillof-sin-presupuesto-y-rodeado-de-fuego-amigo","status":"publish","type":"post","link":"https:\/\/guiadenoticias.com.ar\/diario\/kicillof-sin-presupuesto-y-rodeado-de-fuego-amigo\/","title":{"rendered":"Kicillof, sin presupuesto y rodeado de fuego amigo"},"content":{"rendered":"<p>Despu\u00e9s de un comienzo de a\u00f1o sin Presupuesto en la Provincia, la interna del peronismo bonaerense reflot\u00f3 con declaraciones de Andr\u00e9s \u201cCuervo\u201d Larroque, que tuvieron como destinataria a La C\u00e1mpora y renov\u00f3 el agite en torno al gobernador Axel Kicillof.<\/p>\n<p>En una entrevista en La Tecla, el ministro de Desarrollo a la Comunidad dijo sin vueltas, \u201ctenemos contradicciones. Y en una Argentina gobernada por Milei, tener contradicciones en manera indefinida, es suicida. Tenemos que ordenarnos. \u00bfY qui\u00e9n ordena? Ordena el pueblo. Y el pueblo decidi\u00f3 que Axel es el gobernador\u00bb. Apunt\u00f3 tambi\u00e9n, \u201c\u00bfqueremos ganar o perder? Parece que algunos se est\u00e1n enamorando del negocio de la derrota\u201d.<\/p>\n<p>Larroque asegur\u00f3 que \u201chay que cerrar filas r\u00e1pidamente\u201d y que el sistema pol\u00edtico del peronismo no decodifica bien la coyuntura pol\u00edtica. \u201cSi queremos salir alg\u00fan d\u00eda de la Argentina de Milei, hay que hacer pie en la provincia de Buenos Aires, hay que fortalecer al gobernador\u201d, explic\u00f3.<\/p>\n<p>En la agrupaci\u00f3n K se molestaron con las declaraciones porque consideran que rompi\u00f3 la m\u00ednima armon\u00eda que el kirchnerismo hab\u00eda logrado durante la primera quincena de enero. \u201c\u00bfPor qu\u00e9 sale a confrontar as\u00ed? No hay ninguna necesidad, ni nadie dijo nada como para que le responda de esa forma\u00bb, advirtieron en el coraz\u00f3n de La C\u00e1mpora.<\/p>\n<p>Adem\u00e1s, molest\u00f3 que en sus expresiones haya dejado entrever que fue el propio kirchnerismo el que complot\u00f3 contra la sanci\u00f3n del Presupuesto. \u201cEs una falacia eso. El oficialismo provincial acompa\u00f1\u00f3 a Axel. En medio de la calma, sale a atacar con un tema falso\u201d, respondieron cerca de M\u00e1ximo Kirchner.<\/p>\n<p>La mirada en La Plata es distinta. Entienden que la oposici\u00f3n bonaerense est\u00e1 demasiado fragmentada como para articular una movida pol\u00edtica que deje sin Presupuesto a Kicillof. Miran de reojo el accionar de los jefes de bloque de Uni\u00f3n por la Patria, Teresa Garc\u00eda (Senado) y Facundo Tignanelli (Diputados).<\/p>\n<p>En cambio, en el camporismo apuntan contra los negociadores enviados por Kicillof para cerrar un acuerdo con los intendentes y legisladores opositores: la secretaria General de la gobernaci\u00f3n, Agustina Vila, y el ministro de Econom\u00eda, Pablo L\u00f3pez. \u201cLes falta densidad pol\u00edtica para negociar\u201d, advirtieron.<\/p>\n<p>Como si no fuera suficiente, la falta de definiciones sobre el proceso electoral bonaerense mantiene tensionado el armado pol\u00edtico de Uni\u00f3n por la Patria (UP). La primera pregunta es si el gobernador desdoblar\u00e1 las votaciones.<\/p>\n","protected":false},"excerpt":{"rendered":"<p>Despu\u00e9s de un comienzo de a\u00f1o sin Presupuesto en la Provincia, la interna del peronismo bonaerense reflot\u00f3 con declaraciones de Andr\u00e9s \u201cCuervo\u201d Larroque, que tuvieron como destinataria a La C\u00e1mpora y renov\u00f3 el agite en torno al gobernador Axel Kicillof. En una entrevista en La Tecla, el ministro de Desarrollo a la Comunidad dijo sin [&hellip;]<\/p>\n","protected":false},"author":1,"featured_media":22299,"comment_status":"closed","ping_status":"closed","sticky":false,"template":"","format":"standard","meta":{"footnotes":""},"categories":[70,30,48,31],"tags":[83,283,138],"class_list":{"0":"post-23591","1":"post","2":"type-post","3":"status-publish","4":"format-standard","5":"has-post-thumbnail","7":"category-las-mas-leidas","8":"category-nacion","9":"category-politica-argentina","10":"category-provincia","11":"tag-axel-kicillof","12":"tag-la-campora","13":"tag-pj"},"aioseo_notices":[],"_links":{"self":[{"href":"https:\/\/guiadenoticias.com.ar\/diario\/wp-json\/wp\/v2\/posts\/23591","targetHints":{"allow":["GET"]}}],"collection":[{"href":"https:\/\/guiadenoticias.com.ar\/diario\/wp-json\/wp\/v2\/posts"}],"about":[{"href":"https:\/\/guiadenoticias.com.ar\/diario\/wp-json\/wp\/v2\/types\/post"}],"author":[{"embeddable":true,"href":"https:\/\/guiadenoticias.com.ar\/diario\/wp-json\/wp\/v2\/users\/1"}],"replies":[{"embeddable":true,"href":"https:\/\/guiadenoticias.com.ar\/diario\/wp-json\/wp\/v2\/comments?post=23591"}],"version-history":[{"count":1,"href":"https:\/\/guiadenoticias.com.ar\/diario\/wp-json\/wp\/v2\/posts\/23591\/revisions"}],"predecessor-version":[{"id":23593,"href":"https:\/\/guiadenoticias.com.ar\/diario\/wp-json\/wp\/v2\/posts\/23591\/revisions\/23593"}],"wp:featuredmedia":[{"embeddable":true,"href":"https:\/\/guiadenoticias.com.ar\/diario\/wp-json\/wp\/v2\/media\/22299"}],"wp:attachment":[{"href":"https:\/\/guiadenoticias.com.ar\/diario\/wp-json\/wp\/v2\/media?parent=23591"}],"wp:term":[{"taxonomy":"category","embeddable":true,"href":"https:\/\/guiadenoticias.com.ar\/diario\/wp-json\/wp\/v2\/categories?post=23591"},{"taxonomy":"post_tag","embeddable":true,"href":"https:\/\/guiadenoticias.com.ar\/diario\/wp-json\/wp\/v2\/tags?post=23591"}],"curies":[{"name":"wp","href":"https:\/\/api.w.org\/{rel}","templated":true}]}}