{"id":23635,"date":"2025-01-17T21:00:42","date_gmt":"2025-01-18T00:00:42","guid":{"rendered":"https:\/\/guiadenoticias.com.ar\/diario\/?p=23635"},"modified":"2025-02-17T04:33:13","modified_gmt":"2025-02-17T07:33:13","slug":"valenzuela-ya-es-libertario","status":"publish","type":"post","link":"https:\/\/guiadenoticias.com.ar\/diario\/valenzuela-ya-es-libertario\/","title":{"rendered":"Valenzuela ya es libertario"},"content":{"rendered":"<p>El intendente de Tres de Febrero, Diego Valenzuela, se sum\u00f3 de manera oficial a La Libertad Avanza. De esta manera, el espacio profundiza la presencia territorial en el conurbano bonaerense y en el armado pol\u00edtico para competir por la gobernaci\u00f3n de la Provincia.<\/p>\n<p><strong>El anuncio fue a trav\u00e9s de redes sociales con una foto del jefe comunal y Sebasti\u00e1n Pareja. En una carta explic\u00f3 las razones por las que se alej\u00f3 del PRO para formar parte del proyecto que conduce Javier Milei, quien ya lo recibi\u00f3 en X. \u201cBienvenido Diego a La Libertad Avanza, para continuar hasta el fondo con las ideas de la libertad\u201d.<\/strong><\/p>\n<p>En el texto, Valenzuela destaca del Presidente \u201csu capacidad para transformar el pa\u00eds\u201d y suma, \u201cadmiro su coherencia entre lo que dice y hace. Su primer a\u00f1o de gesti\u00f3n ha demostrado su potencial y compromiso con el cambio\u201d.<\/p>\n<p><strong>Cercano a Patricia Bullrich, su gobierno municipal se caracteriza por la baja de tasas, eliminaci\u00f3n de tr\u00e1mites y habilitaciones gratuitas para comercios e industrias, pol\u00edticas p\u00fablicas que lo acercan a las ideas liberales.<\/strong><\/p>\n<p>Concluy\u00f3: \u201cMe sumo a este proyecto con el compromiso de aportar mi experiencia con una gesti\u00f3n cercana a la gente y a las empresas, para transformar definitivamente la provincia de Buenos Aires y alinearla con el cambio nacional\u201d.<\/p>\n","protected":false},"excerpt":{"rendered":"<p>El intendente de Tres de Febrero, Diego Valenzuela, se sum\u00f3 de manera oficial a La Libertad Avanza. De esta manera, el espacio profundiza la presencia territorial en el conurbano bonaerense y en el armado pol\u00edtico para competir por la gobernaci\u00f3n de la Provincia. El anuncio fue a trav\u00e9s de redes sociales con una foto del [&hellip;]<\/p>\n","protected":false},"author":1,"featured_media":23636,"comment_status":"closed","ping_status":"closed","sticky":false,"template":"","format":"standard","meta":{"footnotes":""},"categories":[20,48,26],"tags":[72,255,261],"class_list":{"0":"post-23635","1":"post","2":"type-post","3":"status-publish","4":"format-standard","5":"has-post-thumbnail","7":"category-municipios","8":"category-politica-argentina","9":"category-tres-de-febrero","10":"tag-diego-valenzuela","11":"tag-javier-milei","12":"tag-la-libertad-avanza"},"aioseo_notices":[],"_links":{"self":[{"href":"https:\/\/guiadenoticias.com.ar\/diario\/wp-json\/wp\/v2\/posts\/23635","targetHints":{"allow":["GET"]}}],"collection":[{"href":"https:\/\/guiadenoticias.com.ar\/diario\/wp-json\/wp\/v2\/posts"}],"about":[{"href":"https:\/\/guiadenoticias.com.ar\/diario\/wp-json\/wp\/v2\/types\/post"}],"author":[{"embeddable":true,"href":"https:\/\/guiadenoticias.com.ar\/diario\/wp-json\/wp\/v2\/users\/1"}],"replies":[{"embeddable":true,"href":"https:\/\/guiadenoticias.com.ar\/diario\/wp-json\/wp\/v2\/comments?post=23635"}],"version-history":[{"count":1,"href":"https:\/\/guiadenoticias.com.ar\/diario\/wp-json\/wp\/v2\/posts\/23635\/revisions"}],"predecessor-version":[{"id":23638,"href":"https:\/\/guiadenoticias.com.ar\/diario\/wp-json\/wp\/v2\/posts\/23635\/revisions\/23638"}],"wp:featuredmedia":[{"embeddable":true,"href":"https:\/\/guiadenoticias.com.ar\/diario\/wp-json\/wp\/v2\/media\/23636"}],"wp:attachment":[{"href":"https:\/\/guiadenoticias.com.ar\/diario\/wp-json\/wp\/v2\/media?parent=23635"}],"wp:term":[{"taxonomy":"category","embeddable":true,"href":"https:\/\/guiadenoticias.com.ar\/diario\/wp-json\/wp\/v2\/categories?post=23635"},{"taxonomy":"post_tag","embeddable":true,"href":"https:\/\/guiadenoticias.com.ar\/diario\/wp-json\/wp\/v2\/tags?post=23635"}],"curies":[{"name":"wp","href":"https:\/\/api.w.org\/{rel}","templated":true}]}}