{"id":23656,"date":"2025-02-07T21:00:36","date_gmt":"2025-02-08T00:00:36","guid":{"rendered":"https:\/\/guiadenoticias.com.ar\/diario\/?p=23656"},"modified":"2025-03-03T23:05:43","modified_gmt":"2025-03-04T02:05:43","slug":"nueva-edicion-de-volve-a-la-escuela","status":"publish","type":"post","link":"https:\/\/guiadenoticias.com.ar\/diario\/nueva-edicion-de-volve-a-la-escuela\/","title":{"rendered":"Nueva edici\u00f3n de \u201cVolv\u00e9 a la Escuela\u201d"},"content":{"rendered":"<p>En la 14\u00b0 edici\u00f3n del programa local Volv\u00e9 a la Escuela, el Municipio de San Mart\u00edn hizo recorridos casa por casa en todos los barrios junto con un equipo de m\u00e1s de 2.500 voluntarias y voluntarios que se sumaron desde instituciones, organizaciones o de manera individual.<\/p>\n<p>Los equipos abarcaron toda la ciudad para buscar y convocar a quienes por diversos motivos dejaron la escuela en alg\u00fan momento, con el objetivo que la retomen con acompa\u00f1amiento de la Comuna.<\/p>\n<p>Adem\u00e1s, se instalaron puntos fijos en estaciones de trenes y zonas comerciales de alta circulaci\u00f3n, mientras contin\u00faa abierta la inscripci\u00f3n a trav\u00e9s de los Centros de Atenci\u00f3n Vecinal y de manera digital en la web municipal.<\/p>\n<p>Al igual que el a\u00f1o pasado, esta edici\u00f3n tambi\u00e9n tuvo recorridos desde la red de nueve Centros Juveniles del Municipio, donde chicas y chicos que participan de estos espacios salieron a buscar a otros j\u00f3venes para motivarlos a que vuelvan a estudiar, cont\u00e1ndoles su propia experiencia.<\/p>\n<p>Durante los recorridos tambi\u00e9n realizaron una encuesta socioeducativa, y ahora se est\u00e1n sistematizando los datos recabados para contactar a las personas que abandonaron la escuela y acercarles las distintas opciones que tienen disponibles para volver a estudiar.<\/p>\n<p>Aquellos relevamientos que no pudieron completarse por las lluvias, se reprogramaron para lo que resta del mes. <strong>La preinscripci\u00f3n tambi\u00e9n puede iniciarse por tel\u00e9fono al 4830-0818 o WhatsApp al 11 3890-9628, de lunes a viernes de 9 a 17 horas.<\/strong><\/p>\n<p><strong>A trav\u00e9s de esta iniciativa que promueve la reinserci\u00f3n escolar y la terminalidad educativa, desde 2012 m\u00e1s de 22 mil vecinas y vecinos ya retomaron sus estudios primarios o secundarios.<\/strong><\/p>\n","protected":false},"excerpt":{"rendered":"<p>En la 14\u00b0 edici\u00f3n del programa local Volv\u00e9 a la Escuela, el Municipio de San Mart\u00edn hizo recorridos casa por casa en todos los barrios junto con un equipo de m\u00e1s de 2.500 voluntarias y voluntarios que se sumaron desde instituciones, organizaciones o de manera individual. Los equipos abarcaron toda la ciudad para buscar y [&hellip;]<\/p>\n","protected":false},"author":1,"featured_media":23657,"comment_status":"closed","ping_status":"closed","sticky":false,"template":"","format":"standard","meta":{"footnotes":""},"categories":[70,20,24],"tags":[131,74],"class_list":{"0":"post-23656","1":"post","2":"type-post","3":"status-publish","4":"format-standard","5":"has-post-thumbnail","7":"category-las-mas-leidas","8":"category-municipios","9":"category-san-martin","10":"tag-educacion","11":"tag-fernando-moreira"},"aioseo_notices":[],"_links":{"self":[{"href":"https:\/\/guiadenoticias.com.ar\/diario\/wp-json\/wp\/v2\/posts\/23656","targetHints":{"allow":["GET"]}}],"collection":[{"href":"https:\/\/guiadenoticias.com.ar\/diario\/wp-json\/wp\/v2\/posts"}],"about":[{"href":"https:\/\/guiadenoticias.com.ar\/diario\/wp-json\/wp\/v2\/types\/post"}],"author":[{"embeddable":true,"href":"https:\/\/guiadenoticias.com.ar\/diario\/wp-json\/wp\/v2\/users\/1"}],"replies":[{"embeddable":true,"href":"https:\/\/guiadenoticias.com.ar\/diario\/wp-json\/wp\/v2\/comments?post=23656"}],"version-history":[{"count":1,"href":"https:\/\/guiadenoticias.com.ar\/diario\/wp-json\/wp\/v2\/posts\/23656\/revisions"}],"predecessor-version":[{"id":23659,"href":"https:\/\/guiadenoticias.com.ar\/diario\/wp-json\/wp\/v2\/posts\/23656\/revisions\/23659"}],"wp:featuredmedia":[{"embeddable":true,"href":"https:\/\/guiadenoticias.com.ar\/diario\/wp-json\/wp\/v2\/media\/23657"}],"wp:attachment":[{"href":"https:\/\/guiadenoticias.com.ar\/diario\/wp-json\/wp\/v2\/media?parent=23656"}],"wp:term":[{"taxonomy":"category","embeddable":true,"href":"https:\/\/guiadenoticias.com.ar\/diario\/wp-json\/wp\/v2\/categories?post=23656"},{"taxonomy":"post_tag","embeddable":true,"href":"https:\/\/guiadenoticias.com.ar\/diario\/wp-json\/wp\/v2\/tags?post=23656"}],"curies":[{"name":"wp","href":"https:\/\/api.w.org\/{rel}","templated":true}]}}