{"id":23665,"date":"2025-03-02T11:00:39","date_gmt":"2025-03-02T14:00:39","guid":{"rendered":"https:\/\/guiadenoticias.com.ar\/diario\/?p=23665"},"modified":"2025-03-03T23:02:14","modified_gmt":"2025-03-04T02:02:14","slug":"milei-y-un-discurso-que-empieza-a-oxidarse","status":"publish","type":"post","link":"https:\/\/guiadenoticias.com.ar\/diario\/milei-y-un-discurso-que-empieza-a-oxidarse\/","title":{"rendered":"Milei y un discurso que empieza a oxidarse"},"content":{"rendered":"<p>Por segundo a\u00f1o consecutivo, Javier Milei brind\u00f3 su discurso en cadena nacional por la Apertura de Sesiones Ordinarias en el Congreso. Tal como ocurri\u00f3 en 2023, el Presidente enfrent\u00f3 el desaf\u00edo de hablar ante un recinto semivac\u00edo. No estuvieron las bancadas de Uni\u00f3n por la Patria, la mayor\u00eda de los gobernadores &#8211; por m\u00faltiples motivos -y el recientemente designado juez de la Corte Suprema Ariel Lijo, cuyo nombramiento por decreto gener\u00f3 repudio de parte de la oposici\u00f3n. Adem\u00e1s, por decisi\u00f3n del Gobierno estuvo restringido el acceso del periodismo.<\/p>\n<p>Milei atraviesa duras semanas tras el esc\u00e1ndalo cripto por la promoci\u00f3n de la moneda $LIBRA y su pelea con el gobernador bonaerense Axel Kicillof por la inseguridad. A esto se suma un a\u00f1o de rispideces con el Congreso y, principalmente, su reencuentro con la vicepresidenta Victoria Villarruel, luego de cuatro meses. Que hasta el final del mensaje fue apenas correcto y cerr\u00f3 con un cruce por el uso de la palabra.<\/p>\n<p>El mandatario brind\u00f3 un discurso enfocado en un repaso de gesti\u00f3n (que autoelogi\u00f3 varias veces), las reformas pendientes, en su prop\u00f3sito de aliviar la carga impositiva; la baja de la imputabilidad y m\u00e1s recortes. La estrella: la reducci\u00f3n del gasto p\u00fablico.<\/p>\n<p>Ley\u00f3 m\u00e1s de una hora, por momentos con dificultad y de forma mon\u00f3tona, hasta que lleg\u00f3 la chicana al radical Facundo Manes &#8211; que m\u00e1s tarde se traslad\u00f3 al pasillo del Congreso con una agresi\u00f3n de Santiago Caputo al legislador -. Y no faltaron los dardos contra el kirchenrismo, en tono de campa\u00f1a.<\/p>\n<p>Entre los pocos puntos novedosos estuvo un anuncio sin mayores datos vinculado con el Fondo Monetario Internacional. Milei dijo que enviar\u00e1 al Congreso un nuevo acuerdo con el FMI. \u00abPara hacer realidad estos proyectos y los cambios que el pueblo argentino demanda, avanzamos en un acuerdo con el Fondo Monetario Internacional para poder terminar de sanear el balance del Banco Central y salir del cepo cambiario definitivamente durante este a\u00f1o\u201d.<\/p>\n<p>Info extra, que para el mundo libertario supone de gran peso, el rating del discurso en el prime time del s\u00e1bado lleg\u00f3 a tocar picos de 17 puntos sumando a los canales de aire y de cable. En promedio fue alrededor de un tercio de la audiencia del a\u00f1o pasado.<\/p>\n","protected":false},"excerpt":{"rendered":"<p>Por segundo a\u00f1o consecutivo, Javier Milei brind\u00f3 su discurso en cadena nacional por la Apertura de Sesiones Ordinarias en el Congreso. Tal como ocurri\u00f3 en 2023, el Presidente enfrent\u00f3 el desaf\u00edo de hablar ante un recinto semivac\u00edo. No estuvieron las bancadas de Uni\u00f3n por la Patria, la mayor\u00eda de los gobernadores &#8211; por m\u00faltiples motivos [&hellip;]<\/p>\n","protected":false},"author":1,"featured_media":23666,"comment_status":"closed","ping_status":"closed","sticky":false,"template":"","format":"standard","meta":{"footnotes":""},"categories":[30,48],"tags":[186,255,261],"class_list":{"0":"post-23665","1":"post","2":"type-post","3":"status-publish","4":"format-standard","5":"has-post-thumbnail","7":"category-nacion","8":"category-politica-argentina","9":"tag-congreso","10":"tag-javier-milei","11":"tag-la-libertad-avanza"},"aioseo_notices":[],"_links":{"self":[{"href":"https:\/\/guiadenoticias.com.ar\/diario\/wp-json\/wp\/v2\/posts\/23665","targetHints":{"allow":["GET"]}}],"collection":[{"href":"https:\/\/guiadenoticias.com.ar\/diario\/wp-json\/wp\/v2\/posts"}],"about":[{"href":"https:\/\/guiadenoticias.com.ar\/diario\/wp-json\/wp\/v2\/types\/post"}],"author":[{"embeddable":true,"href":"https:\/\/guiadenoticias.com.ar\/diario\/wp-json\/wp\/v2\/users\/1"}],"replies":[{"embeddable":true,"href":"https:\/\/guiadenoticias.com.ar\/diario\/wp-json\/wp\/v2\/comments?post=23665"}],"version-history":[{"count":1,"href":"https:\/\/guiadenoticias.com.ar\/diario\/wp-json\/wp\/v2\/posts\/23665\/revisions"}],"predecessor-version":[{"id":23668,"href":"https:\/\/guiadenoticias.com.ar\/diario\/wp-json\/wp\/v2\/posts\/23665\/revisions\/23668"}],"wp:featuredmedia":[{"embeddable":true,"href":"https:\/\/guiadenoticias.com.ar\/diario\/wp-json\/wp\/v2\/media\/23666"}],"wp:attachment":[{"href":"https:\/\/guiadenoticias.com.ar\/diario\/wp-json\/wp\/v2\/media?parent=23665"}],"wp:term":[{"taxonomy":"category","embeddable":true,"href":"https:\/\/guiadenoticias.com.ar\/diario\/wp-json\/wp\/v2\/categories?post=23665"},{"taxonomy":"post_tag","embeddable":true,"href":"https:\/\/guiadenoticias.com.ar\/diario\/wp-json\/wp\/v2\/tags?post=23665"}],"curies":[{"name":"wp","href":"https:\/\/api.w.org\/{rel}","templated":true}]}}